{"id":8960,"date":"2026-09-05T14:19:20","date_gmt":"2026-09-05T20:19:20","guid":{"rendered":"https:\/\/lavozdedelicias.com\/?p=8960"},"modified":"2026-09-05T14:19:20","modified_gmt":"2026-09-05T20:19:20","slug":"vinculan-a-proceso-a-imputados-por-homicidio-en-centro-de-rehabilitacion-de-delicias","status":"publish","type":"post","link":"https:\/\/lavozdedelicias.com\/index.php\/2026\/09\/05\/vinculan-a-proceso-a-imputados-por-homicidio-en-centro-de-rehabilitacion-de-delicias\/","title":{"rendered":"Vinculan a proceso a imputados por homicidio en centro de rehabilitaci\u00f3n de Delicias"},"content":{"rendered":"<p style=\"text-align: left;\">La Fiscal\u00eda de Distrito Zona Centro, a trav\u00e9s de la Unidad de Delitos contra la Vida en el municipio de Delicias, obtuvo la vinculaci\u00f3n a proceso dictada en contra de los imputados Rafael A. O., y Cristian Eduardo H. M., por el delito de homicidio.<\/p>\n<p>De acuerdo con la investigaci\u00f3n ministerial, los imputados agredieron f\u00edsicamente a la v\u00edctima, quien posteriormente perdi\u00f3 la vida a consecuencia de las lesiones, en hechos ocurridos, el 26 de agosto de 2026, al interior de un centro de rehabilitaci\u00f3n ubicado en la colonia Altavista, en la ciudad de Delicias.<\/p>\n<p>Como resultado del trabajo coordinado entre elementos de la Agencia Estatal de Investigaci\u00f3n y agentes del Ministerio P\u00fablico, el 30 de agosto de 2026 se los imputados fueron detenidos con \u00f3rdenes de aprehensi\u00f3n, formul\u00e1ndoseles imputaci\u00f3n.<\/p>\n<p>Ayer jueves, el Juez de Control del Distrito Judicial Abraham Gonz\u00e1lez conocedor de la causa penal 514\/2026, resolvi\u00f3 vincular a proceso a Rafael A. O., y Cristian Eduardo H. M., quienes permanecer\u00e1n bajo la medida cautelar de prisi\u00f3n preventiva.<\/p>\n<p>Asimismo, fij\u00f3 un plazo de cuatro meses para el cierre de la investigaci\u00f3n complementaria.<\/p>\n<p>La Fiscal\u00eda de Distrito Zona Centro refrenda su compromiso de realizar las investigaciones necesarias para esclarecer los delitos y llevar ante los tribunales a quienes resulten responsables.<\/p>\n<p>***De acuerdo con las leyes y normas vigentes, los imputados se presumen inocentes mientras no se declare su responsabilidad mediante sentencia emitida por la autoridad judicial (art\u00edculo 13 del C\u00f3digo Nacional de Procedimientos Penales).<\/p>\n<p><img loading=\"lazy\" decoding=\"async\" class=\"alignnone size-medium wp-image-8961\" src=\"https:\/\/lavozdedelicias.com\/wp-content\/uploads\/2026\/09\/IMG-20260905-WA0008-274x300.jpg\" alt=\"\" width=\"274\" height=\"300\" srcset=\"https:\/\/lavozdedelicias.com\/wp-content\/uploads\/2026\/09\/IMG-20260905-WA0008-274x300.jpg 274w, https:\/\/lavozdedelicias.com\/wp-content\/uploads\/2026\/09\/IMG-20260905-WA0008-768x841.jpg 768w, https:\/\/lavozdedelicias.com\/wp-content\/uploads\/2026\/09\/IMG-20260905-WA0008.jpg 889w\" sizes=\"auto, (max-width: 274px) 100vw, 274px\" \/> <img loading=\"lazy\" decoding=\"async\" class=\"alignnone size-medium wp-image-8962\" src=\"https:\/\/lavozdedelicias.com\/wp-content\/uploads\/2026\/09\/IMG-20260905-WA0009-286x300.jpg\" alt=\"\" width=\"286\" height=\"300\" srcset=\"https:\/\/lavozdedelicias.com\/wp-content\/uploads\/2026\/09\/IMG-20260905-WA0009-286x300.jpg 286w, https:\/\/lavozdedelicias.com\/wp-content\/uploads\/2026\/09\/IMG-20260905-WA0009-768x805.jpg 768w, https:\/\/lavozdedelicias.com\/wp-content\/uploads\/2026\/09\/IMG-20260905-WA0009.jpg 854w\" sizes=\"auto, (max-width: 286px) 100vw, 286px\" \/><\/p>\n","protected":false},"excerpt":{"rendered":"<p>La Fiscal\u00eda de Distrito Zona Centro, a trav\u00e9s de la Unidad de Delitos contra la Vida en el municipio de Delicias, obtuvo la vinculaci\u00f3n a proceso dictada en contra de los imputados Rafael A. O., y Cristian Eduardo H. M., por el delito de homicidio. De acuerdo con la investigaci\u00f3n ministerial, los imputados agredieron f\u00edsicamente &hellip;<\/p>\n","protected":false},"author":2,"featured_media":8962,"comment_status":"closed","ping_status":"closed","sticky":false,"template":"","format":"standard","meta":{"footnotes":""},"categories":[23],"tags":[],"class_list":["post-8960","post","type-post","status-publish","format-standard","has-post-thumbnail","hentry","category-delicias"],"_links":{"self":[{"href":"https:\/\/lavozdedelicias.com\/index.php\/wp-json\/wp\/v2\/posts\/8960","targetHints":{"allow":["GET"]}}],"collection":[{"href":"https:\/\/lavozdedelicias.com\/index.php\/wp-json\/wp\/v2\/posts"}],"about":[{"href":"https:\/\/lavozdedelicias.com\/index.php\/wp-json\/wp\/v2\/types\/post"}],"author":[{"embeddable":true,"href":"https:\/\/lavozdedelicias.com\/index.php\/wp-json\/wp\/v2\/users\/2"}],"replies":[{"embeddable":true,"href":"https:\/\/lavozdedelicias.com\/index.php\/wp-json\/wp\/v2\/comments?post=8960"}],"version-history":[{"count":1,"href":"https:\/\/lavozdedelicias.com\/index.php\/wp-json\/wp\/v2\/posts\/8960\/revisions"}],"predecessor-version":[{"id":8963,"href":"https:\/\/lavozdedelicias.com\/index.php\/wp-json\/wp\/v2\/posts\/8960\/revisions\/8963"}],"wp:featuredmedia":[{"embeddable":true,"href":"https:\/\/lavozdedelicias.com\/index.php\/wp-json\/wp\/v2\/media\/8962"}],"wp:attachment":[{"href":"https:\/\/lavozdedelicias.com\/index.php\/wp-json\/wp\/v2\/media?parent=8960"}],"wp:term":[{"taxonomy":"category","embeddable":true,"href":"https:\/\/lavozdedelicias.com\/index.php\/wp-json\/wp\/v2\/categories?post=8960"},{"taxonomy":"post_tag","embeddable":true,"href":"https:\/\/lavozdedelicias.com\/index.php\/wp-json\/wp\/v2\/tags?post=8960"}],"curies":[{"name":"wp","href":"https:\/\/api.w.org\/{rel}","templated":true}]}}