{"id":8705,"date":"2026-07-21T07:52:33","date_gmt":"2026-07-21T07:52:33","guid":{"rendered":"https:\/\/lavozdedelicias.com\/?p=8705"},"modified":"2026-07-21T07:52:33","modified_gmt":"2026-07-21T07:52:33","slug":"fiscalia-de-tamaulipas-asegura-academia-militar-tras-muerte-de-dafne-su-madre-pide-prision-para-directivos","status":"publish","type":"post","link":"https:\/\/lavozdedelicias.com\/index.php\/2026\/07\/21\/fiscalia-de-tamaulipas-asegura-academia-militar-tras-muerte-de-dafne-su-madre-pide-prision-para-directivos\/","title":{"rendered":"Fiscal\u00eda de Tamaulipas asegura academia militar tras muerte de Dafne; su madre pide prisi\u00f3n para directivos"},"content":{"rendered":"<p>La muerte de\u00a0Dafne Zapata Quintos, una adolescente de 13 a\u00f1os originaria de El Mante, sigue generando indignaci\u00f3n en\u00a0Tamaulipas.\u00a0Este fin de semana, la Fiscal\u00eda General de Justicia asegur\u00f3 y acordon\u00f3 las instalaciones de la Academia Militarizada Doenitz, en\u00a0Ciudad Madero, como parte de las investigaciones que se siguen por el fallecimiento de la menor durante un campamento de verano.<\/p>\n<h2 id=\"h-de-que-murio-dafne-zapata-en-tamaulipas\" class=\"wp-block-heading\">\u00bfDe qu\u00e9 muri\u00f3 Dafne Zapata en Tamaulipas?<\/h2>\n<p>El caso dio un giro luego de que se conociera el contenido del acta de defunci\u00f3n, en la que se establece como causa de muerte \u201casfixia por sumersi\u00f3n\u201d y se se\u00f1ala que el fallecimiento ocurri\u00f3 tras un evento de violencia, contradiciendo las primeras versiones que apuntaban a un problema de salud o una ca\u00edda accidental.<\/p>\n<p>La propia familia confirm\u00f3 que los resultados forenses revelaron la presencia de agua en los pulmones de la adolescente<\/p>\n<p>Durante el funeral, celebrado en Ciudad Mante, al que acudieron cientos de personas con flores y globos blancos,\u00a0la madre de Dafne, Alejandra Quintos, lanz\u00f3 un en\u00e9rgico llamado a las autoridades para que agilicen las investigaciones y soliciten prisi\u00f3n preventiva contra el director de la academia, Jorge Luis Ponce, as\u00ed como contra dos instructoras identificadas por ella como responsables del \u00e1rea femenil.<\/p>\n<p>\u201cQuiero prisi\u00f3n preventiva para estas dos mujeres, llamarse cadetes militares, lo que sean. Las quiero en prisi\u00f3n preventiva a ellas y a Ponce, el director general de esta pseudo o academia militarizada. \u00bfTodav\u00eda no est\u00e1n detenidos? Los quiero detenidos\u201d, asegur\u00f3 Alejandra Quintos.<\/p>\n<h2 id=\"h-se-manifiestan-afuera-de-academia-militarizada\" class=\"wp-block-heading\">Se manifiestan afuera de academia militarizada<\/h2>\n<div class=\"code-block code-block-2\">\n<div class=\"truvidPos\">Mientras tanto, la presi\u00f3n social aument\u00f3 luego de que exalumnos, padres de familia y ciudadanos realizaran protestas frente a la academia para exigir justicia. Tras las manifestaciones, las instalaciones fueron desalojadas y quedaron bajo resguardo de las autoridades ministeriales.<\/div>\n<\/div>\n<div class=\"code-block code-block-8\">\n<div class=\"code-block\">En contraste, el director de la Academia Militarizada Doenitz, Jorge Luis Ponce, rechaz\u00f3 cualquier acto de violencia dentro del plantel; atribuy\u00f3 algunos golpes a una ca\u00edda accidental e insisti\u00f3 en que no existi\u00f3 negligencia por parte del personal de la academia, pese a que el acta oficial establece una muerte por asfixia por sumersi\u00f3n derivada de un evento violento.<\/div>\n<\/div>\n<p>Al ser cuestionado sobre la posibilidad de apoyar econ\u00f3micamente a la familia, asegur\u00f3 que estaba dispuesto a devolver el dinero pagado por la estancia de Dafne en el campamento.<\/p>\n<p>\u201cNo hubo dolo, no hubo descuido, no hubo negligencia. La ni\u00f1a, aparentemente, tra\u00eda una dolencia que el doctor no supo detectar. Nuestra enfermera tampoco le detect\u00f3 nada raro. De repente se desvaneci\u00f3 en la regadera ba\u00f1\u00e1ndose y ya no despert\u00f3. (\u00bfLe estar\u00edan ustedes regresando lo que ella pag\u00f3 de inscripci\u00f3n?) Le podemos regresar lo que deposit\u00f3 porque realmente s\u00f3lo lo ocup\u00f3 en cuatro d\u00edas\u201d.<\/p>\n<p>La Fiscal\u00eda de Tamaulipas contin\u00faa con las diligencias para determinar responsabilidades penales en uno de los casos que m\u00e1s conmoci\u00f3n ha provocado en la entidad durante los \u00faltimos a\u00f1os. Mientras tanto, familiares, amigos y ciudadanos mantienen las exigencias de justicia para Dafne.<\/p>\n<h2 id=\"h-gobierno-de-tamaulipas-dice-que-no-habra-impunidad-por-caso-dafne\" class=\"wp-block-heading\">Gobierno de Tamaulipas dice que no habr\u00e1 impunidad por caso Dafne<\/h2>\n<p>En medio de la creciente indignaci\u00f3n social por la muerte de la menor Dafne Zapata Quintos y las exigencias de justicia contra la escuela militarizada donde ocurrieron los hechos, el secretario general de Gobierno de Tamaulipas, H\u00e9ctor Joel Villegas Gonz\u00e1lez, asegur\u00f3 que las investigaciones contin\u00faan y que no habr\u00e1 impunidad para nadie.<\/p>\n<p>\u201cNosotros les podemos decir que todo est\u00e1 manifestado como se ha manejado, no hay impunidad para nadie\u201d.<\/p>\n<p>El funcionario estatal se\u00f1al\u00f3 que corresponde a la\u00a0Fiscal\u00eda General de Justicia del Estado conducir las investigaciones\u00a0y dar a conocer los avances de la carpeta iniciada tras el fallecimiento de la adolescente de 13 a\u00f1os durante un campamento realizado en una academia militarizada de\u00a0Ciudad Madero.<\/p>\n<p>Sobre las versiones que apuntan a posibles irregularidades en la operaci\u00f3n del plantel, se\u00f1al\u00f3 que se trata de una instituci\u00f3n que ha funcionado durante varias d\u00e9cadas y reiter\u00f3 que las investigaciones deber\u00e1n establecer si existieron omisiones o conductas il\u00edcitas.<\/p>\n<p><img loading=\"lazy\" decoding=\"async\" class=\"alignnone size-medium wp-image-8706\" src=\"https:\/\/lavozdedelicias.com\/wp-content\/uploads\/2026\/07\/no-habra-impunidad-en-caso-dafne-asegura-gobierno-de-tamaulipas-121633-300x169.jpg\" alt=\"\" width=\"300\" height=\"169\" srcset=\"https:\/\/lavozdedelicias.com\/wp-content\/uploads\/2026\/07\/no-habra-impunidad-en-caso-dafne-asegura-gobierno-de-tamaulipas-121633-300x169.jpg 300w, https:\/\/lavozdedelicias.com\/wp-content\/uploads\/2026\/07\/no-habra-impunidad-en-caso-dafne-asegura-gobierno-de-tamaulipas-121633-1024x576.jpg 1024w, https:\/\/lavozdedelicias.com\/wp-content\/uploads\/2026\/07\/no-habra-impunidad-en-caso-dafne-asegura-gobierno-de-tamaulipas-121633-768x432.jpg 768w, https:\/\/lavozdedelicias.com\/wp-content\/uploads\/2026\/07\/no-habra-impunidad-en-caso-dafne-asegura-gobierno-de-tamaulipas-121633-390x220.jpg 390w, https:\/\/lavozdedelicias.com\/wp-content\/uploads\/2026\/07\/no-habra-impunidad-en-caso-dafne-asegura-gobierno-de-tamaulipas-121633.jpg 1200w\" sizes=\"auto, (max-width: 300px) 100vw, 300px\" \/><\/p>\n","protected":false},"excerpt":{"rendered":"<p>La muerte de\u00a0Dafne Zapata Quintos, una adolescente de 13 a\u00f1os originaria de El Mante, sigue generando indignaci\u00f3n en\u00a0Tamaulipas.\u00a0Este fin de semana, la Fiscal\u00eda General de Justicia asegur\u00f3 y acordon\u00f3 las instalaciones de la Academia Militarizada Doenitz, en\u00a0Ciudad Madero, como parte de las investigaciones que se siguen por el fallecimiento de la menor durante un campamento &hellip;<\/p>\n","protected":false},"author":2,"featured_media":8706,"comment_status":"closed","ping_status":"closed","sticky":false,"template":"","format":"standard","meta":{"footnotes":""},"categories":[28],"tags":[],"class_list":["post-8705","post","type-post","status-publish","format-standard","has-post-thumbnail","hentry","category-nacionales"],"_links":{"self":[{"href":"https:\/\/lavozdedelicias.com\/index.php\/wp-json\/wp\/v2\/posts\/8705","targetHints":{"allow":["GET"]}}],"collection":[{"href":"https:\/\/lavozdedelicias.com\/index.php\/wp-json\/wp\/v2\/posts"}],"about":[{"href":"https:\/\/lavozdedelicias.com\/index.php\/wp-json\/wp\/v2\/types\/post"}],"author":[{"embeddable":true,"href":"https:\/\/lavozdedelicias.com\/index.php\/wp-json\/wp\/v2\/users\/2"}],"replies":[{"embeddable":true,"href":"https:\/\/lavozdedelicias.com\/index.php\/wp-json\/wp\/v2\/comments?post=8705"}],"version-history":[{"count":1,"href":"https:\/\/lavozdedelicias.com\/index.php\/wp-json\/wp\/v2\/posts\/8705\/revisions"}],"predecessor-version":[{"id":8707,"href":"https:\/\/lavozdedelicias.com\/index.php\/wp-json\/wp\/v2\/posts\/8705\/revisions\/8707"}],"wp:featuredmedia":[{"embeddable":true,"href":"https:\/\/lavozdedelicias.com\/index.php\/wp-json\/wp\/v2\/media\/8706"}],"wp:attachment":[{"href":"https:\/\/lavozdedelicias.com\/index.php\/wp-json\/wp\/v2\/media?parent=8705"}],"wp:term":[{"taxonomy":"category","embeddable":true,"href":"https:\/\/lavozdedelicias.com\/index.php\/wp-json\/wp\/v2\/categories?post=8705"},{"taxonomy":"post_tag","embeddable":true,"href":"https:\/\/lavozdedelicias.com\/index.php\/wp-json\/wp\/v2\/tags?post=8705"}],"curies":[{"name":"wp","href":"https:\/\/api.w.org\/{rel}","templated":true}]}}