{"id":8671,"date":"2026-07-21T06:15:22","date_gmt":"2026-07-21T06:15:22","guid":{"rendered":"https:\/\/lavozdedelicias.com\/?p=8671"},"modified":"2026-07-21T06:15:22","modified_gmt":"2026-07-21T06:15:22","slug":"nicaragua-no-volvera-a-tener-elecciones-afirma-daniel-ortega-en-discurso","status":"publish","type":"post","link":"https:\/\/lavozdedelicias.com\/index.php\/2026\/07\/21\/nicaragua-no-volvera-a-tener-elecciones-afirma-daniel-ortega-en-discurso\/","title":{"rendered":"Nicaragua \u201cno volver\u00e1 a tener elecciones\u201d, afirma Daniel Ortega en discurso"},"content":{"rendered":"<p>El presidente de\u00a0Nicaragua,\u00a0Daniel Ortega, asegur\u00f3 este domingo que el pa\u00eds\u00a0\u201cno volver\u00e1 a tener elecciones\u201d, al afirmar que no permitir\u00e1 que la oposici\u00f3n regrese al poder mediante las urnas.<\/p>\n<p>Durante un acto por el\u00a047 aniversario de la Revoluci\u00f3n Sandinista, celebrado en Managua, el mandatario sostuvo que las elecciones no volver\u00e1n a realizarse para evitar que grupos opositores, actualmente en el exilio, puedan llegar al gobierno.<\/p>\n<h2 id=\"h-ortega-descarta-nuevas-elecciones-en-nicaragua\" class=\"wp-block-heading\">Ortega descarta nuevas elecciones en Nicaragua<\/h2>\n<p>En su discurso ante miles de simpatizantes,\u00a0Ortega afirm\u00f3 que los opositores buscan reorganizarse\u00a0con la expectativa de participar en futuros comicios, pero asegur\u00f3 que ese escenario no ocurrir\u00e1.<\/p>\n<p>\u201c<em>Aqu\u00ed no volver\u00e1n a haber elecciones<\/em>\u201c, declar\u00f3 el mandatario, quien tambi\u00e9n\u00a0acus\u00f3 a la oposici\u00f3n de actuar con el respaldo de Estados Unidos.<\/p>\n<p>Adem\u00e1s, afirm\u00f3 que los partidos que, seg\u00fan \u00e9l, son\u00a0impulsados por Washington \u201cjam\u00e1s\u201d volver\u00e1n a gobernar Nicaragua.<\/p>\n<div class=\"code-block code-block-8\">\n<div class=\"code-block\"><span style=\"font-size: 24px;\">Anuncia nuevas leyes contra la oposici\u00f3n<\/span><\/div>\n<\/div>\n<p>Durante el mismo evento, Ortega adelant\u00f3 que impulsar\u00e1\u00a0nuevas reformas legales junto con la Asamblea Nacional\u00a0para impedir que los opositores recuperen espacios pol\u00edticos.<\/p>\n<p>Seg\u00fan explic\u00f3, las nuevas\u00a0normas buscar\u00e1n establecer un \u201cmuro\u201d contra quienes calific\u00f3 como \u201cgolpistas\u201d y \u201cvendepatrias\u201d, con el objetivo de evitar que puedan acceder al poder.<\/p>\n<p>Daniel Ortega, de\u00a080 a\u00f1os, regres\u00f3 a la Presidencia en\u00a02007, despu\u00e9s de haber gobernado Nicaragua durante la d\u00e9cada de 1980.<\/p>\n<p>Desde entonces ha\u00a0permanecido en el poder mediante procesos electorales cuestionados\u00a0por organismos internacionales y reformas que debilitaron a sus adversarios pol\u00edticos.<\/p>\n<p><img loading=\"lazy\" decoding=\"async\" class=\"alignnone size-medium wp-image-8672\" src=\"https:\/\/lavozdedelicias.com\/wp-content\/uploads\/2026\/07\/nicaragua-no-volvera-a-tener-eleggiones-174944-300x169.jpg\" alt=\"\" width=\"300\" height=\"169\" srcset=\"https:\/\/lavozdedelicias.com\/wp-content\/uploads\/2026\/07\/nicaragua-no-volvera-a-tener-eleggiones-174944-300x169.jpg 300w, https:\/\/lavozdedelicias.com\/wp-content\/uploads\/2026\/07\/nicaragua-no-volvera-a-tener-eleggiones-174944-1024x576.jpg 1024w, https:\/\/lavozdedelicias.com\/wp-content\/uploads\/2026\/07\/nicaragua-no-volvera-a-tener-eleggiones-174944-768x432.jpg 768w, https:\/\/lavozdedelicias.com\/wp-content\/uploads\/2026\/07\/nicaragua-no-volvera-a-tener-eleggiones-174944-390x220.jpg 390w, https:\/\/lavozdedelicias.com\/wp-content\/uploads\/2026\/07\/nicaragua-no-volvera-a-tener-eleggiones-174944.jpg 1200w\" sizes=\"auto, (max-width: 300px) 100vw, 300px\" \/><\/p>\n","protected":false},"excerpt":{"rendered":"<p>El presidente de\u00a0Nicaragua,\u00a0Daniel Ortega, asegur\u00f3 este domingo que el pa\u00eds\u00a0\u201cno volver\u00e1 a tener elecciones\u201d, al afirmar que no permitir\u00e1 que la oposici\u00f3n regrese al poder mediante las urnas. Durante un acto por el\u00a047 aniversario de la Revoluci\u00f3n Sandinista, celebrado en Managua, el mandatario sostuvo que las elecciones no volver\u00e1n a realizarse para evitar que grupos &hellip;<\/p>\n","protected":false},"author":2,"featured_media":8672,"comment_status":"closed","ping_status":"closed","sticky":false,"template":"","format":"standard","meta":{"footnotes":""},"categories":[29],"tags":[],"class_list":["post-8671","post","type-post","status-publish","format-standard","has-post-thumbnail","hentry","category-internacional"],"_links":{"self":[{"href":"https:\/\/lavozdedelicias.com\/index.php\/wp-json\/wp\/v2\/posts\/8671","targetHints":{"allow":["GET"]}}],"collection":[{"href":"https:\/\/lavozdedelicias.com\/index.php\/wp-json\/wp\/v2\/posts"}],"about":[{"href":"https:\/\/lavozdedelicias.com\/index.php\/wp-json\/wp\/v2\/types\/post"}],"author":[{"embeddable":true,"href":"https:\/\/lavozdedelicias.com\/index.php\/wp-json\/wp\/v2\/users\/2"}],"replies":[{"embeddable":true,"href":"https:\/\/lavozdedelicias.com\/index.php\/wp-json\/wp\/v2\/comments?post=8671"}],"version-history":[{"count":1,"href":"https:\/\/lavozdedelicias.com\/index.php\/wp-json\/wp\/v2\/posts\/8671\/revisions"}],"predecessor-version":[{"id":8673,"href":"https:\/\/lavozdedelicias.com\/index.php\/wp-json\/wp\/v2\/posts\/8671\/revisions\/8673"}],"wp:featuredmedia":[{"embeddable":true,"href":"https:\/\/lavozdedelicias.com\/index.php\/wp-json\/wp\/v2\/media\/8672"}],"wp:attachment":[{"href":"https:\/\/lavozdedelicias.com\/index.php\/wp-json\/wp\/v2\/media?parent=8671"}],"wp:term":[{"taxonomy":"category","embeddable":true,"href":"https:\/\/lavozdedelicias.com\/index.php\/wp-json\/wp\/v2\/categories?post=8671"},{"taxonomy":"post_tag","embeddable":true,"href":"https:\/\/lavozdedelicias.com\/index.php\/wp-json\/wp\/v2\/tags?post=8671"}],"curies":[{"name":"wp","href":"https:\/\/api.w.org\/{rel}","templated":true}]}}