{"id":8491,"date":"2026-04-30T20:36:14","date_gmt":"2026-04-30T20:36:14","guid":{"rendered":"https:\/\/lavozdedelicias.com\/?p=8491"},"modified":"2026-04-30T20:36:14","modified_gmt":"2026-04-30T20:36:14","slug":"invita-dif-delicias-a-celebrar-el-dia-del-nino-en-ciudad-infantil-este-domingo","status":"publish","type":"post","link":"https:\/\/lavozdedelicias.com\/index.php\/2026\/04\/30\/invita-dif-delicias-a-celebrar-el-dia-del-nino-en-ciudad-infantil-este-domingo\/","title":{"rendered":"Invita DIF Delicias a celebrar el D\u00eda del Ni\u00f1o en Ciudad Infantil este domingo"},"content":{"rendered":"<p>La presidenta del DIF Municipal de Delicias, Alma Limas de Valenciano, extendi\u00f3 una invitaci\u00f3n a todas las ni\u00f1as, ni\u00f1os y familias del municipio para celebrar el D\u00eda del Ni\u00f1o este pr\u00f3ximo domingo 3 de mayo en las instalaciones de Ciudad Infantil.<\/p>\n<p>La titular del DIF destac\u00f3 que el evento ha sido preparado con gran dedicaci\u00f3n y cari\u00f1o, con el objetivo de brindar a la ni\u00f1ez un espacio de alegr\u00eda, convivencia y sano esparcimiento en su d\u00eda. \u201cInvitamos a todas las familias de Delicias a que lleven a sus ni\u00f1os a disfrutar de este festejo\u201d, expres\u00f3.<\/p>\n<p>Detall\u00f3 que durante la jornada habr\u00e1 diversas actividades recreativas, entre ellas show de payasos y m\u00faltiples sorpresas, pensadas para que las ni\u00f1as y ni\u00f1os vivan una experiencia divertida en compa\u00f1\u00eda de sus seres queridos.<\/p>\n<p>Finalmente, Alma Limas de Valenciano reiter\u00f3 que se trata de un evento totalmente familiar, por lo que hizo un llamado a acudir este domingo a partir de las 10 de la ma\u00f1ana a Ciudad Infantil, para celebrar juntos a la ni\u00f1ez de Delicias.<\/p>\n<p><img loading=\"lazy\" decoding=\"async\" class=\"alignnone size-medium wp-image-8492\" src=\"https:\/\/lavozdedelicias.com\/wp-content\/uploads\/2026\/04\/IMG-20260430-WA0024-300x300.jpg\" alt=\"\" width=\"300\" height=\"300\" srcset=\"https:\/\/lavozdedelicias.com\/wp-content\/uploads\/2026\/04\/IMG-20260430-WA0024-300x300.jpg 300w, https:\/\/lavozdedelicias.com\/wp-content\/uploads\/2026\/04\/IMG-20260430-WA0024-1024x1024.jpg 1024w, https:\/\/lavozdedelicias.com\/wp-content\/uploads\/2026\/04\/IMG-20260430-WA0024-150x150.jpg 150w, https:\/\/lavozdedelicias.com\/wp-content\/uploads\/2026\/04\/IMG-20260430-WA0024-768x768.jpg 768w, https:\/\/lavozdedelicias.com\/wp-content\/uploads\/2026\/04\/IMG-20260430-WA0024-1536x1536.jpg 1536w, https:\/\/lavozdedelicias.com\/wp-content\/uploads\/2026\/04\/IMG-20260430-WA0024.jpg 1600w\" sizes=\"auto, (max-width: 300px) 100vw, 300px\" \/><\/p>\n","protected":false},"excerpt":{"rendered":"<p>La presidenta del DIF Municipal de Delicias, Alma Limas de Valenciano, extendi\u00f3 una invitaci\u00f3n a todas las ni\u00f1as, ni\u00f1os y familias del municipio para celebrar el D\u00eda del Ni\u00f1o este pr\u00f3ximo domingo 3 de mayo en las instalaciones de Ciudad Infantil. La titular del DIF destac\u00f3 que el evento ha sido preparado con gran dedicaci\u00f3n &hellip;<\/p>\n","protected":false},"author":2,"featured_media":8492,"comment_status":"closed","ping_status":"closed","sticky":false,"template":"","format":"standard","meta":{"footnotes":""},"categories":[23],"tags":[],"class_list":["post-8491","post","type-post","status-publish","format-standard","has-post-thumbnail","hentry","category-delicias"],"_links":{"self":[{"href":"https:\/\/lavozdedelicias.com\/index.php\/wp-json\/wp\/v2\/posts\/8491","targetHints":{"allow":["GET"]}}],"collection":[{"href":"https:\/\/lavozdedelicias.com\/index.php\/wp-json\/wp\/v2\/posts"}],"about":[{"href":"https:\/\/lavozdedelicias.com\/index.php\/wp-json\/wp\/v2\/types\/post"}],"author":[{"embeddable":true,"href":"https:\/\/lavozdedelicias.com\/index.php\/wp-json\/wp\/v2\/users\/2"}],"replies":[{"embeddable":true,"href":"https:\/\/lavozdedelicias.com\/index.php\/wp-json\/wp\/v2\/comments?post=8491"}],"version-history":[{"count":1,"href":"https:\/\/lavozdedelicias.com\/index.php\/wp-json\/wp\/v2\/posts\/8491\/revisions"}],"predecessor-version":[{"id":8493,"href":"https:\/\/lavozdedelicias.com\/index.php\/wp-json\/wp\/v2\/posts\/8491\/revisions\/8493"}],"wp:featuredmedia":[{"embeddable":true,"href":"https:\/\/lavozdedelicias.com\/index.php\/wp-json\/wp\/v2\/media\/8492"}],"wp:attachment":[{"href":"https:\/\/lavozdedelicias.com\/index.php\/wp-json\/wp\/v2\/media?parent=8491"}],"wp:term":[{"taxonomy":"category","embeddable":true,"href":"https:\/\/lavozdedelicias.com\/index.php\/wp-json\/wp\/v2\/categories?post=8491"},{"taxonomy":"post_tag","embeddable":true,"href":"https:\/\/lavozdedelicias.com\/index.php\/wp-json\/wp\/v2\/tags?post=8491"}],"curies":[{"name":"wp","href":"https:\/\/api.w.org\/{rel}","templated":true}]}}