{"id":8488,"date":"2026-04-30T20:31:02","date_gmt":"2026-04-30T20:31:02","guid":{"rendered":"https:\/\/lavozdedelicias.com\/?p=8488"},"modified":"2026-04-30T20:31:02","modified_gmt":"2026-04-30T20:31:02","slug":"en-el-dia-del-nino-273-millones-siguen-fuera-de-la-escuela-revela-unesco-una-deuda-pendiente-global","status":"publish","type":"post","link":"https:\/\/lavozdedelicias.com\/index.php\/2026\/04\/30\/en-el-dia-del-nino-273-millones-siguen-fuera-de-la-escuela-revela-unesco-una-deuda-pendiente-global\/","title":{"rendered":"En el D\u00eda del Ni\u00f1o, 273 millones siguen fuera de la escuela, revela Unesco: una deuda pendiente global"},"content":{"rendered":"<p>Si bien algunos pa\u00edses celebran el D\u00eda del Ni\u00f1o este 30 de abril, millones de menores se topan con una realidad muy distinta.<\/p>\n<p>Seg\u00fan el Informe de Seguimiento de la Educaci\u00f3n en el Mundo de la Unesco, 273 millones de ni\u00f1os, ni\u00f1as y j\u00f3venes est\u00e1n fuera de la escuela en 2026, una cifra que confirma siete a\u00f1os consecutivos de aumento y muestra un retroceso en el acceso a la educaci\u00f3n a nivel mundial.<\/p>\n<p>El dato de la Unesco es contundente: uno de cada seis menores en edad escolar no asiste a clases, mientras que apenas dos de cada tres logran terminar la educaci\u00f3n secundaria, lo que enciende alertas sobre el futuro social y econ\u00f3mico del planeta.<\/p>\n<p>El Informe de Seguimiento de la Educaci\u00f3n en el Mundo 2026 (GEM) advierte que, aunque desde el a\u00f1o 2000 la matr\u00edcula escolar ha crecido de forma importante, el avance se ha desacelerado desde 2015 en casi todas las regiones.<\/p>\n<p>Regiones como \u00c1frica, subsahariana y zonas en conflicto ven frenado el acceso a la educaci\u00f3n por factores como:<\/p>\n<p>Conflictos armados<\/p>\n<p>Crisis econ\u00f3micas<\/p>\n<p>Crecimiento demogr\u00e1fico<\/p>\n<p>Recortes en financiamiento educativo<\/p>\n<p>Actualmente, alrededor del 17% de la poblaci\u00f3n infantil vive en \u00e1reas afectadas por conflictos, lo que agrava la exclusi\u00f3n educativa y deja fuera de las estad\u00edsticas y de las aulas a millones de menores, seg\u00fan informe de la Unesco.<\/p>\n<p>El GEM 2026 de la Unesco destaca que las tensiones geopol\u00edticas han provocado el cierre de escuelas en diversas regiones, particularmente en Oriente Medio, donde millones de estudiantes han quedado fuera del sistema educativo.<\/p>\n<p>Esta situaci\u00f3n no s\u00f3lo interrumpe el aprendizaje, sino que incrementa el riesgo de abandono escolar permanente.<\/p>\n<p>A pesar de la crisis, hay avances significativos<\/p>\n<p>Aunque el panorama es preocupante, el reporte tambi\u00e9n documenta progresos importantes:<\/p>\n<p>La matr\u00edcula en educaci\u00f3n primaria y secundaria aument\u00f3 30% desde el a\u00f1o 2000<\/p>\n<p>M\u00e1s de 327 millones de estudiantes se han incorporado al sistema educativo en ese periodo<\/p>\n<p>Cada minuto, m\u00e1s de 25 ni\u00f1os adicionales ingresan a la escuela<\/p>\n<p>La finalizaci\u00f3n de primaria subi\u00f3 del 77% al 88%<\/p>\n<p>Algunos pa\u00edses han logrado reducciones notables en la exclusi\u00f3n educativa, como:<\/p>\n<p>Madagascar y Togo (infancia)<\/p>\n<p>Marruecos y Vietnam (adolescentes)<\/p>\n<p>Georgia y T\u00fcrkiye (j\u00f3venes)<\/p>\n<p>Sin embargo, al ritmo actual, el mundo no alcanzar\u00e1 una tasa del 95% de finalizaci\u00f3n de secundaria superior hasta el a\u00f1o 2105.<\/p>\n<p>El informe tambi\u00e9n se\u00f1ala avances en inclusi\u00f3n:<\/p>\n<p>Pa\u00edses con leyes de educaci\u00f3n inclusiva pasaron de 1% a 24% desde 2000<\/p>\n<p>Aquellos que garantizan educaci\u00f3n para personas con discapacidad aumentaron de 17% a 29%<\/p>\n<p>No obstante, solo 8% de los pa\u00edses aplican de forma efectiva mecanismos de financiamiento equitativo, lo que limita el impacto real de estas pol\u00edticas.<\/p>\n<p><img loading=\"lazy\" decoding=\"async\" class=\"alignnone size-medium wp-image-8489\" src=\"https:\/\/lavozdedelicias.com\/wp-content\/uploads\/2026\/04\/ola-de-calor-en-mexico-estados-modifican-horario-de-clases-110734-300x169.jpg\" alt=\"\" width=\"300\" height=\"169\" srcset=\"https:\/\/lavozdedelicias.com\/wp-content\/uploads\/2026\/04\/ola-de-calor-en-mexico-estados-modifican-horario-de-clases-110734-300x169.jpg 300w, https:\/\/lavozdedelicias.com\/wp-content\/uploads\/2026\/04\/ola-de-calor-en-mexico-estados-modifican-horario-de-clases-110734-1024x576.jpg 1024w, https:\/\/lavozdedelicias.com\/wp-content\/uploads\/2026\/04\/ola-de-calor-en-mexico-estados-modifican-horario-de-clases-110734-768x432.jpg 768w, https:\/\/lavozdedelicias.com\/wp-content\/uploads\/2026\/04\/ola-de-calor-en-mexico-estados-modifican-horario-de-clases-110734-390x220.jpg 390w, https:\/\/lavozdedelicias.com\/wp-content\/uploads\/2026\/04\/ola-de-calor-en-mexico-estados-modifican-horario-de-clases-110734.jpg 1200w\" sizes=\"auto, (max-width: 300px) 100vw, 300px\" \/><\/p>\n","protected":false},"excerpt":{"rendered":"<p>Si bien algunos pa\u00edses celebran el D\u00eda del Ni\u00f1o este 30 de abril, millones de menores se topan con una realidad muy distinta. Seg\u00fan el Informe de Seguimiento de la Educaci\u00f3n en el Mundo de la Unesco, 273 millones de ni\u00f1os, ni\u00f1as y j\u00f3venes est\u00e1n fuera de la escuela en 2026, una cifra que confirma &hellip;<\/p>\n","protected":false},"author":2,"featured_media":8489,"comment_status":"closed","ping_status":"closed","sticky":false,"template":"","format":"standard","meta":{"footnotes":""},"categories":[29],"tags":[],"class_list":["post-8488","post","type-post","status-publish","format-standard","has-post-thumbnail","hentry","category-internacional"],"_links":{"self":[{"href":"https:\/\/lavozdedelicias.com\/index.php\/wp-json\/wp\/v2\/posts\/8488","targetHints":{"allow":["GET"]}}],"collection":[{"href":"https:\/\/lavozdedelicias.com\/index.php\/wp-json\/wp\/v2\/posts"}],"about":[{"href":"https:\/\/lavozdedelicias.com\/index.php\/wp-json\/wp\/v2\/types\/post"}],"author":[{"embeddable":true,"href":"https:\/\/lavozdedelicias.com\/index.php\/wp-json\/wp\/v2\/users\/2"}],"replies":[{"embeddable":true,"href":"https:\/\/lavozdedelicias.com\/index.php\/wp-json\/wp\/v2\/comments?post=8488"}],"version-history":[{"count":1,"href":"https:\/\/lavozdedelicias.com\/index.php\/wp-json\/wp\/v2\/posts\/8488\/revisions"}],"predecessor-version":[{"id":8490,"href":"https:\/\/lavozdedelicias.com\/index.php\/wp-json\/wp\/v2\/posts\/8488\/revisions\/8490"}],"wp:featuredmedia":[{"embeddable":true,"href":"https:\/\/lavozdedelicias.com\/index.php\/wp-json\/wp\/v2\/media\/8489"}],"wp:attachment":[{"href":"https:\/\/lavozdedelicias.com\/index.php\/wp-json\/wp\/v2\/media?parent=8488"}],"wp:term":[{"taxonomy":"category","embeddable":true,"href":"https:\/\/lavozdedelicias.com\/index.php\/wp-json\/wp\/v2\/categories?post=8488"},{"taxonomy":"post_tag","embeddable":true,"href":"https:\/\/lavozdedelicias.com\/index.php\/wp-json\/wp\/v2\/tags?post=8488"}],"curies":[{"name":"wp","href":"https:\/\/api.w.org\/{rel}","templated":true}]}}