{"id":8485,"date":"2026-04-30T20:13:09","date_gmt":"2026-04-30T20:13:09","guid":{"rendered":"https:\/\/lavozdedelicias.com\/?p=8485"},"modified":"2026-04-30T20:13:42","modified_gmt":"2026-04-30T20:13:42","slug":"no-habra-recoleccion-de-basura-este-viernes-1-de-mayo-en-delicias","status":"publish","type":"post","link":"https:\/\/lavozdedelicias.com\/index.php\/2026\/04\/30\/no-habra-recoleccion-de-basura-este-viernes-1-de-mayo-en-delicias\/","title":{"rendered":"No habr\u00e1 recolecci\u00f3n de basura este viernes 1 de mayo en Delicias"},"content":{"rendered":"<p>El Gobierno Municipal de Delicias inform\u00f3 que este viernes 1 de mayo no habr\u00e1 servicio de recolecci\u00f3n de basura, debido a la conmemoraci\u00f3n del D\u00eda del Trabajo, fecha en la que se reconoce la labor de los trabajadores.<\/p>\n<p>Las autoridades municipales solicitaron a la ciudadan\u00eda tomar las debidas precauciones, evitando sacar sus residuos en esta fecha para mantener el orden y la limpieza en las calles, as\u00ed como prevenir la acumulaci\u00f3n de basura en los hogares y espacios p\u00fablicos.<\/p>\n<p>Asimismo, se indic\u00f3 que el servicio de recolecci\u00f3n se reanudar\u00e1 de manera normal en los d\u00edas posteriores, por lo que se invita a la poblaci\u00f3n a estar atenta a los horarios habituales y colaborar con estas medidas en beneficio de la comunidad.<\/p>\n<p><img loading=\"lazy\" decoding=\"async\" class=\"alignnone size-medium wp-image-8486\" src=\"https:\/\/lavozdedelicias.com\/wp-content\/uploads\/2026\/04\/IMG-20260430-WA0021-300x200.jpg\" alt=\"\" width=\"300\" height=\"200\" srcset=\"https:\/\/lavozdedelicias.com\/wp-content\/uploads\/2026\/04\/IMG-20260430-WA0021-300x200.jpg 300w, https:\/\/lavozdedelicias.com\/wp-content\/uploads\/2026\/04\/IMG-20260430-WA0021-1024x682.jpg 1024w, https:\/\/lavozdedelicias.com\/wp-content\/uploads\/2026\/04\/IMG-20260430-WA0021-768x512.jpg 768w, https:\/\/lavozdedelicias.com\/wp-content\/uploads\/2026\/04\/IMG-20260430-WA0021-1536x1023.jpg 1536w, https:\/\/lavozdedelicias.com\/wp-content\/uploads\/2026\/04\/IMG-20260430-WA0021.jpg 1600w\" sizes=\"auto, (max-width: 300px) 100vw, 300px\" \/><\/p>\n","protected":false},"excerpt":{"rendered":"<p>El Gobierno Municipal de Delicias inform\u00f3 que este viernes 1 de mayo no habr\u00e1 servicio de recolecci\u00f3n de basura, debido a la conmemoraci\u00f3n del D\u00eda del Trabajo, fecha en la que se reconoce la labor de los trabajadores. Las autoridades municipales solicitaron a la ciudadan\u00eda tomar las debidas precauciones, evitando sacar sus residuos en esta &hellip;<\/p>\n","protected":false},"author":2,"featured_media":8486,"comment_status":"closed","ping_status":"closed","sticky":false,"template":"","format":"standard","meta":{"footnotes":""},"categories":[23],"tags":[],"class_list":["post-8485","post","type-post","status-publish","format-standard","has-post-thumbnail","hentry","category-delicias"],"_links":{"self":[{"href":"https:\/\/lavozdedelicias.com\/index.php\/wp-json\/wp\/v2\/posts\/8485","targetHints":{"allow":["GET"]}}],"collection":[{"href":"https:\/\/lavozdedelicias.com\/index.php\/wp-json\/wp\/v2\/posts"}],"about":[{"href":"https:\/\/lavozdedelicias.com\/index.php\/wp-json\/wp\/v2\/types\/post"}],"author":[{"embeddable":true,"href":"https:\/\/lavozdedelicias.com\/index.php\/wp-json\/wp\/v2\/users\/2"}],"replies":[{"embeddable":true,"href":"https:\/\/lavozdedelicias.com\/index.php\/wp-json\/wp\/v2\/comments?post=8485"}],"version-history":[{"count":1,"href":"https:\/\/lavozdedelicias.com\/index.php\/wp-json\/wp\/v2\/posts\/8485\/revisions"}],"predecessor-version":[{"id":8487,"href":"https:\/\/lavozdedelicias.com\/index.php\/wp-json\/wp\/v2\/posts\/8485\/revisions\/8487"}],"wp:featuredmedia":[{"embeddable":true,"href":"https:\/\/lavozdedelicias.com\/index.php\/wp-json\/wp\/v2\/media\/8486"}],"wp:attachment":[{"href":"https:\/\/lavozdedelicias.com\/index.php\/wp-json\/wp\/v2\/media?parent=8485"}],"wp:term":[{"taxonomy":"category","embeddable":true,"href":"https:\/\/lavozdedelicias.com\/index.php\/wp-json\/wp\/v2\/categories?post=8485"},{"taxonomy":"post_tag","embeddable":true,"href":"https:\/\/lavozdedelicias.com\/index.php\/wp-json\/wp\/v2\/tags?post=8485"}],"curies":[{"name":"wp","href":"https:\/\/api.w.org\/{rel}","templated":true}]}}