{"id":8472,"date":"2026-04-28T13:40:01","date_gmt":"2026-04-28T13:40:01","guid":{"rendered":"https:\/\/lavozdedelicias.com\/?p=8472"},"modified":"2026-04-28T13:40:01","modified_gmt":"2026-04-28T13:40:01","slug":"gobernadora-nombra-a-francisco-saenz-como-encargado-de-la-fiscalia","status":"publish","type":"post","link":"https:\/\/lavozdedelicias.com\/index.php\/2026\/04\/28\/gobernadora-nombra-a-francisco-saenz-como-encargado-de-la-fiscalia\/","title":{"rendered":"Gobernadora nombra a Francisco S\u00e1enz como encargado de la Fiscal\u00eda"},"content":{"rendered":"<p>La gobernadora Maru Campos nombr\u00f3 a Francisco S\u00e1enz Soto como encargado del despacho de la Fiscal\u00eda General del Estado, en tanto se desarrolla el proceso para designar a quien ocupar\u00e1 de manera definitiva la titularidad de la instituci\u00f3n.<\/p>\n<p>El nombramiento se realiz\u00f3 este lunes y se sustenta en las atribuciones conferidas por el art\u00edculo 93, fracci\u00f3n XL, de la Constituci\u00f3n Pol\u00edtica del Estado de Chihuahua, as\u00ed como en el art\u00edculo 13 Bis de la Ley Org\u00e1nica del Poder Ejecutivo estatal.<\/p>\n<p>En el oficio correspondiente, la mandataria estatal instruy\u00f3 al funcionario a desempe\u00f1ar sus funciones bajo los principios que rigen el servicio p\u00fablico, privilegiando la legalidad y la responsabilidad en el ejercicio del cargo.<\/p>\n<p>Francisco S\u00e1enz Soto asumir\u00e1 el encargo de forma inmediata y se mantendr\u00e1 al frente de la dependencia hasta que se concrete el nombramiento oficial del titular de la Fiscal\u00eda, conforme a los procedimientos legales vigentes.<\/p>\n<p>Cabe se\u00f1alar que previamente se desempe\u00f1aba como Vicefiscal, adem\u00e1s de representar en diversas ocasiones a la instituci\u00f3n en reuniones de la Mesa de Seguridad y otros eventos, sin dejar de lado las responsabilidades propias de su cargo.<\/p>\n<p>Para la designaci\u00f3n del nuevo titular de la Fiscal\u00eda General del Estado, el Poder Ejecutivo deber\u00e1 presentar una terna al Poder Legislativo, donde las y los diputados llevar\u00e1n a cabo el proceso de selecci\u00f3n para elegir al pr\u00f3ximo responsable de la seguridad en Chihuahua.<\/p>\n<p><img loading=\"lazy\" decoding=\"async\" class=\"alignnone size-medium wp-image-8473\" src=\"https:\/\/lavozdedelicias.com\/wp-content\/uploads\/2026\/04\/Screenshot_20260428-073412_Facebook-201x300.png\" alt=\"\" width=\"201\" height=\"300\" srcset=\"https:\/\/lavozdedelicias.com\/wp-content\/uploads\/2026\/04\/Screenshot_20260428-073412_Facebook-201x300.png 201w, https:\/\/lavozdedelicias.com\/wp-content\/uploads\/2026\/04\/Screenshot_20260428-073412_Facebook.png 391w\" sizes=\"auto, (max-width: 201px) 100vw, 201px\" \/><\/p>\n","protected":false},"excerpt":{"rendered":"<p>La gobernadora Maru Campos nombr\u00f3 a Francisco S\u00e1enz Soto como encargado del despacho de la Fiscal\u00eda General del Estado, en tanto se desarrolla el proceso para designar a quien ocupar\u00e1 de manera definitiva la titularidad de la instituci\u00f3n. El nombramiento se realiz\u00f3 este lunes y se sustenta en las atribuciones conferidas por el art\u00edculo 93, &hellip;<\/p>\n","protected":false},"author":2,"featured_media":8473,"comment_status":"open","ping_status":"closed","sticky":false,"template":"","format":"standard","meta":{"footnotes":""},"categories":[27],"tags":[],"class_list":["post-8472","post","type-post","status-publish","format-standard","has-post-thumbnail","hentry","category-el-estado"],"_links":{"self":[{"href":"https:\/\/lavozdedelicias.com\/index.php\/wp-json\/wp\/v2\/posts\/8472","targetHints":{"allow":["GET"]}}],"collection":[{"href":"https:\/\/lavozdedelicias.com\/index.php\/wp-json\/wp\/v2\/posts"}],"about":[{"href":"https:\/\/lavozdedelicias.com\/index.php\/wp-json\/wp\/v2\/types\/post"}],"author":[{"embeddable":true,"href":"https:\/\/lavozdedelicias.com\/index.php\/wp-json\/wp\/v2\/users\/2"}],"replies":[{"embeddable":true,"href":"https:\/\/lavozdedelicias.com\/index.php\/wp-json\/wp\/v2\/comments?post=8472"}],"version-history":[{"count":1,"href":"https:\/\/lavozdedelicias.com\/index.php\/wp-json\/wp\/v2\/posts\/8472\/revisions"}],"predecessor-version":[{"id":8474,"href":"https:\/\/lavozdedelicias.com\/index.php\/wp-json\/wp\/v2\/posts\/8472\/revisions\/8474"}],"wp:featuredmedia":[{"embeddable":true,"href":"https:\/\/lavozdedelicias.com\/index.php\/wp-json\/wp\/v2\/media\/8473"}],"wp:attachment":[{"href":"https:\/\/lavozdedelicias.com\/index.php\/wp-json\/wp\/v2\/media?parent=8472"}],"wp:term":[{"taxonomy":"category","embeddable":true,"href":"https:\/\/lavozdedelicias.com\/index.php\/wp-json\/wp\/v2\/categories?post=8472"},{"taxonomy":"post_tag","embeddable":true,"href":"https:\/\/lavozdedelicias.com\/index.php\/wp-json\/wp\/v2\/tags?post=8472"}],"curies":[{"name":"wp","href":"https:\/\/api.w.org\/{rel}","templated":true}]}}