{"id":8409,"date":"2026-04-04T03:13:47","date_gmt":"2026-04-04T03:13:47","guid":{"rendered":"https:\/\/lavozdedelicias.com\/?p=8409"},"modified":"2026-04-04T03:13:47","modified_gmt":"2026-04-04T03:13:47","slug":"hallan-en-reynosa-ocho-craneos-y-restos-calcinados-colectivo-denuncia-posible-zona-de-exterminio","status":"publish","type":"post","link":"https:\/\/lavozdedelicias.com\/index.php\/2026\/04\/04\/hallan-en-reynosa-ocho-craneos-y-restos-calcinados-colectivo-denuncia-posible-zona-de-exterminio\/","title":{"rendered":"Hallan en Reynosa ocho cr\u00e1neos y restos calcinados; colectivo denuncia posible zona de exterminio"},"content":{"rendered":"<p>Un total de\u00a0ocho cr\u00e1neos y restos \u00f3seos calcinados\u00a0correspondientes a al menos\u00a014 personas\u00a0fueron localizados en Reynosa, Tamaulipas, por integrantes del colectivo\u00a0Amor por los Desaparecidos, en un terreno de la colonia Puerta Sur.<\/p>\n<p>El hallazgo, considerado de alto impacto por la magnitud de los restos encontrados, reaviva la preocupaci\u00f3n por la\u00a0crisis de desapariciones en el norte del pa\u00eds.<\/p>\n<h2 class=\"wp-block-heading\">Colectivo se\u00f1ala posible \u201czona de exterminio\u201d<\/h2>\n<p>De acuerdo con los primeros reportes, los restos humanos presentaban\u00a0signos de calcinaci\u00f3n y dispersi\u00f3n, adem\u00e1s de que en el sitio se localizaron\u00a0tambos met\u00e1licos, mand\u00edbulas con piezas dentales\u00a0y otros indicios que apuntan a la posible destrucci\u00f3n sistem\u00e1tica de cuerpos.<\/p>\n<p>Integrantes del colectivo calificaron el lugar como una posible\u00a0\u201czona de exterminio\u201d, al advertir que el \u00e1rea es extensa y podr\u00eda contener\u00a0m\u00e1s restos humanos enterrados o dispersos.<\/p>\n<h2 class=\"wp-block-heading\">Autoridades aseguran el \u00e1rea e inician investigaciones<\/h2>\n<div class=\"code-block code-block-2\">\n<div class=\"truvidPos\">Tras el hallazgo, el sitio fue acordonado por elementos de la Fiscal\u00eda General de Justicia de Tamaulipas, as\u00ed como por personal de la\u00a0Guardia Nacional, la\u00a0Guardia Estatal\u00a0y la\u00a0Secretar\u00eda de la Defensa Nacional.<\/div>\n<\/div>\n<div class=\"code-block code-block-8\">\n<div class=\"code-block\">Las autoridades iniciaron labores de resguardo, b\u00fasqueda e investigaci\u00f3n, adem\u00e1s de implementar protocolos forenses para la\u00a0identificaci\u00f3n de los restos\u00a0mediante equipos multidisciplinarios.<\/div>\n<\/div>\n<p>Crisis de desapariciones persiste en Tamaulipas<\/p>\n<p>Este descubrimiento vuelve a colocar en el centro del debate la\u00a0problem\u00e1tica de desapariciones en Tamaulipas, una entidad donde colectivos ciudadanos han asumido un papel clave en la\u00a0localizaci\u00f3n de personas desaparecidas.<\/p>\n<p>Organizaciones civiles han insistido en la necesidad de fortalecer las\u00a0acciones de b\u00fasqueda e identificaci\u00f3n, as\u00ed como garantizar condiciones de seguridad para quienes participan en estas labores.<\/p>\n<p><img loading=\"lazy\" decoding=\"async\" class=\"alignnone size-medium wp-image-8410\" src=\"https:\/\/lavozdedelicias.com\/wp-content\/uploads\/2026\/04\/proyecto-nuevo-27-1-190735-300x169.jpg\" alt=\"\" width=\"300\" height=\"169\" srcset=\"https:\/\/lavozdedelicias.com\/wp-content\/uploads\/2026\/04\/proyecto-nuevo-27-1-190735-300x169.jpg 300w, https:\/\/lavozdedelicias.com\/wp-content\/uploads\/2026\/04\/proyecto-nuevo-27-1-190735-1024x576.jpg 1024w, https:\/\/lavozdedelicias.com\/wp-content\/uploads\/2026\/04\/proyecto-nuevo-27-1-190735-768x432.jpg 768w, https:\/\/lavozdedelicias.com\/wp-content\/uploads\/2026\/04\/proyecto-nuevo-27-1-190735-390x220.jpg 390w, https:\/\/lavozdedelicias.com\/wp-content\/uploads\/2026\/04\/proyecto-nuevo-27-1-190735.jpg 1200w\" sizes=\"auto, (max-width: 300px) 100vw, 300px\" \/><\/p>\n","protected":false},"excerpt":{"rendered":"<p>Un total de\u00a0ocho cr\u00e1neos y restos \u00f3seos calcinados\u00a0correspondientes a al menos\u00a014 personas\u00a0fueron localizados en Reynosa, Tamaulipas, por integrantes del colectivo\u00a0Amor por los Desaparecidos, en un terreno de la colonia Puerta Sur. El hallazgo, considerado de alto impacto por la magnitud de los restos encontrados, reaviva la preocupaci\u00f3n por la\u00a0crisis de desapariciones en el norte del &hellip;<\/p>\n","protected":false},"author":2,"featured_media":8410,"comment_status":"open","ping_status":"closed","sticky":false,"template":"","format":"standard","meta":{"footnotes":""},"categories":[28],"tags":[],"class_list":["post-8409","post","type-post","status-publish","format-standard","has-post-thumbnail","hentry","category-nacionales"],"_links":{"self":[{"href":"https:\/\/lavozdedelicias.com\/index.php\/wp-json\/wp\/v2\/posts\/8409","targetHints":{"allow":["GET"]}}],"collection":[{"href":"https:\/\/lavozdedelicias.com\/index.php\/wp-json\/wp\/v2\/posts"}],"about":[{"href":"https:\/\/lavozdedelicias.com\/index.php\/wp-json\/wp\/v2\/types\/post"}],"author":[{"embeddable":true,"href":"https:\/\/lavozdedelicias.com\/index.php\/wp-json\/wp\/v2\/users\/2"}],"replies":[{"embeddable":true,"href":"https:\/\/lavozdedelicias.com\/index.php\/wp-json\/wp\/v2\/comments?post=8409"}],"version-history":[{"count":1,"href":"https:\/\/lavozdedelicias.com\/index.php\/wp-json\/wp\/v2\/posts\/8409\/revisions"}],"predecessor-version":[{"id":8411,"href":"https:\/\/lavozdedelicias.com\/index.php\/wp-json\/wp\/v2\/posts\/8409\/revisions\/8411"}],"wp:featuredmedia":[{"embeddable":true,"href":"https:\/\/lavozdedelicias.com\/index.php\/wp-json\/wp\/v2\/media\/8410"}],"wp:attachment":[{"href":"https:\/\/lavozdedelicias.com\/index.php\/wp-json\/wp\/v2\/media?parent=8409"}],"wp:term":[{"taxonomy":"category","embeddable":true,"href":"https:\/\/lavozdedelicias.com\/index.php\/wp-json\/wp\/v2\/categories?post=8409"},{"taxonomy":"post_tag","embeddable":true,"href":"https:\/\/lavozdedelicias.com\/index.php\/wp-json\/wp\/v2\/tags?post=8409"}],"curies":[{"name":"wp","href":"https:\/\/api.w.org\/{rel}","templated":true}]}}