{"id":8372,"date":"2026-03-12T03:30:14","date_gmt":"2026-03-12T03:30:14","guid":{"rendered":"https:\/\/lavozdedelicias.com\/?p=8372"},"modified":"2026-03-12T03:30:14","modified_gmt":"2026-03-12T03:30:14","slug":"carlos-vela-vuelve-al-lafc-pero-ahora-como-dueno-el-mexicano-se-une-al-grupo-propietario","status":"publish","type":"post","link":"https:\/\/lavozdedelicias.com\/index.php\/2026\/03\/12\/carlos-vela-vuelve-al-lafc-pero-ahora-como-dueno-el-mexicano-se-une-al-grupo-propietario\/","title":{"rendered":"Carlos Vela vuelve al LAFC, pero ahora como due\u00f1o: el mexicano se une al grupo propietario"},"content":{"rendered":"<p>El mexicano\u00a0Carlos Vela\u00a0seguir\u00e1 ligado a\u00a0Los Angeles FC, el club angelino anunci\u00f3 que el exdelantero se integra oficialmente a su grupo propietario, iniciando una nueva etapa en la relaci\u00f3n entre el futbolista y la instituci\u00f3n donde se convirti\u00f3 en leyenda.<\/p>\n<p>La organizaci\u00f3n inform\u00f3 que el anuncio marca \u201c<em>un nuevo cap\u00edtulo<\/em>\u201d en la historia de\u00a0Vela\u00a0con el equipo\u00a0Black &amp; Gold, consolidando su v\u00ednculo con la ciudad de\u00a0Los \u00c1ngeles\u00a0y con el proyecto deportivo que ayud\u00f3 a construir desde su fundaci\u00f3n.<\/p>\n<p>El exjugador ser\u00e1 presentado oficialmente como nuevo propietario durante una conferencia de prensa programada para el 14 de marzo en el\u00a0Estadio BMO.<\/p>\n<p>En un comunicado difundido por el club,\u00a0Vela\u00a0expres\u00f3 su entusiasmo por seguir formando parte de la instituci\u00f3n que marc\u00f3 su carrera.<\/p>\n<div class=\"code-block code-block-2\">\n<div class=\"truvidPos\"><em>\u201cPara m\u00ed, el LAFC siempre ha sido m\u00e1s que un club: es mi hogar. Desde el primer d\u00eda nos propusimos construir algo especial para Los \u00c1ngeles y estoy incre\u00edblemente orgulloso de lo que hemos logrado juntos\u201d<\/em>, declar\u00f3 el mexicano.<\/div>\n<\/div>\n<div class=\"code-block code-block-8\">\n<div class=\"code-block\">El exdelantero asegur\u00f3 que convertirse en propietario representa <em>\u201cun honor y una responsabilidad\u201d<\/em>, y afirm\u00f3 que su objetivo ser\u00e1 continuar apoyando al equipo, a los jugadores y a la afici\u00f3n mientras el club sigue construyendo su futuro.<\/div>\n<\/div>\n<h2 id=\"h-carlos-vela-el-primer-gran-idolo-del-lafc\" class=\"wp-block-heading\">Carlos Vela, el primer gran \u00eddolo del LAFC<\/h2>\n<p>La historia de\u00a0Vela\u00a0con el\u00a0LAFC\u00a0comenz\u00f3 incluso antes de que el equipo debutara en la\u00a0MLS. El mexicano fue el primer jugador en la historia del club, firmando como\u00a0Jugador Franquicia\u00a0en agosto de 2017 para liderar el proyecto desde la temporada inaugural de 2018.<\/p>\n<p>Durante seis temporadas con el conjunto angelino, el atacante se consolid\u00f3 como el m\u00e1ximo referente en la historia del club. Disput\u00f3 152 partidos, anot\u00f3 78 goles y registr\u00f3 42 asistencias, cifras que lo colocan como l\u00edder hist\u00f3rico del equipo en esas tres categor\u00edas.<\/p>\n<p>Su campa\u00f1a m\u00e1s memorable lleg\u00f3 en 2019, cuando firm\u00f3 una temporada hist\u00f3rica en la\u00a0Major League Soccer. Ese a\u00f1o marc\u00f3 34 goles, estableciendo un r\u00e9cord de anotaciones en una sola temporada de la liga y conquistando el premio al Jugador M\u00e1s Valioso (MVP).<\/p>\n<p>Adem\u00e1s,\u00a0Vela\u00a0fue elegido cuatro veces al\u00a0All-Star de la MLS\u00a0y en tres ocasiones form\u00f3 parte del\u00a0Once Ideal de la liga, consolid\u00e1ndose como uno de los futbolistas m\u00e1s influyentes en la historia reciente del campeonato norteamericano.<\/p>\n<p>Durante la etapa de\u00a0Vela\u00a0como jugador, el\u00a0LAFC\u00a0vivi\u00f3 el periodo m\u00e1s exitoso de su corta historia. El club conquist\u00f3 la\u00a0MLS Cup 2022, adem\u00e1s de levantar el\u00a0Supporters\u2019 Shield\u00a0en 2019 y 2022, premios que distinguen al mejor equipo de la temporada regular.<\/p>\n<p>Bennett Rosenthal, propietario principal del\u00a0LAFC, se\u00f1al\u00f3 que Vela encarn\u00f3 desde el inicio los valores de excelencia, ambici\u00f3n y liderazgo que definen al equipo.<\/p>\n<p>Por su parte, el copresidente y gerente general del club,\u00a0John Thorrington, subray\u00f3 que el delantero mexicano fue clave para construir la identidad deportiva de la instituci\u00f3n.<\/p>\n<p><em>\u201cEste club no ser\u00eda lo que es hoy sin \u00e9l. Ayud\u00f3 a forjar nuestra identidad, nuestro estilo de juego y nuestra conexi\u00f3n con la ciudad<\/em>\u201d, afirm\u00f3.<\/p>\n<p>Incluso tras su retiro, la presencia de\u00a0Vela\u00a0dentro del club se ha mantenido activa, el mexicano contin\u00faa como embajador\u00a0Black &amp; Gold, representando al equipo a nivel internacional y fortaleciendo la conexi\u00f3n con los aficionados.<\/p>\n<p>En septiembre de 2025 tambi\u00e9n recibi\u00f3 un reconocimiento especial cuando fue incluido como el primer integrante del\u00a0Anillo de Honor del LAFC, durante una ceremonia realizada antes de un partido en el\u00a0Estadio BMO.<\/p>\n<p>Originario de\u00a0Canc\u00fan,\u00a0Vela\u00a0tambi\u00e9n tuvo una destacada trayectoria con la\u00a0Selecci\u00f3n Mexicana de F\u00fatbol, con la que disput\u00f3 72 partidos internacionales y particip\u00f3 en las\u00a0Copas del Mundo de 2010\u00a0FIFA World Cup y 2018 FIFA World Cup.<\/p>\n<p>Antes de llegar a\u00a0Los \u00c1ngeles, el delantero brill\u00f3 en el futbol europeo con la\u00a0Real Sociedad, luego de iniciar su carrera profesional con el\u00a0Arsenal FC.<\/p>\n<p><img loading=\"lazy\" decoding=\"async\" class=\"alignnone size-medium wp-image-8373\" src=\"https:\/\/lavozdedelicias.com\/wp-content\/uploads\/2026\/03\/carlos-vela-163604-300x169.jpg\" alt=\"\" width=\"300\" height=\"169\" srcset=\"https:\/\/lavozdedelicias.com\/wp-content\/uploads\/2026\/03\/carlos-vela-163604-300x169.jpg 300w, https:\/\/lavozdedelicias.com\/wp-content\/uploads\/2026\/03\/carlos-vela-163604-1024x576.jpg 1024w, https:\/\/lavozdedelicias.com\/wp-content\/uploads\/2026\/03\/carlos-vela-163604-768x432.jpg 768w, https:\/\/lavozdedelicias.com\/wp-content\/uploads\/2026\/03\/carlos-vela-163604-390x220.jpg 390w, https:\/\/lavozdedelicias.com\/wp-content\/uploads\/2026\/03\/carlos-vela-163604.jpg 1200w\" sizes=\"auto, (max-width: 300px) 100vw, 300px\" \/><\/p>\n","protected":false},"excerpt":{"rendered":"<p>El mexicano\u00a0Carlos Vela\u00a0seguir\u00e1 ligado a\u00a0Los Angeles FC, el club angelino anunci\u00f3 que el exdelantero se integra oficialmente a su grupo propietario, iniciando una nueva etapa en la relaci\u00f3n entre el futbolista y la instituci\u00f3n donde se convirti\u00f3 en leyenda. La organizaci\u00f3n inform\u00f3 que el anuncio marca \u201cun nuevo cap\u00edtulo\u201d en la historia de\u00a0Vela\u00a0con el equipo\u00a0Black &hellip;<\/p>\n","protected":false},"author":2,"featured_media":8373,"comment_status":"open","ping_status":"closed","sticky":false,"template":"","format":"standard","meta":{"footnotes":""},"categories":[30],"tags":[],"class_list":["post-8372","post","type-post","status-publish","format-standard","has-post-thumbnail","hentry","category-deportes"],"_links":{"self":[{"href":"https:\/\/lavozdedelicias.com\/index.php\/wp-json\/wp\/v2\/posts\/8372","targetHints":{"allow":["GET"]}}],"collection":[{"href":"https:\/\/lavozdedelicias.com\/index.php\/wp-json\/wp\/v2\/posts"}],"about":[{"href":"https:\/\/lavozdedelicias.com\/index.php\/wp-json\/wp\/v2\/types\/post"}],"author":[{"embeddable":true,"href":"https:\/\/lavozdedelicias.com\/index.php\/wp-json\/wp\/v2\/users\/2"}],"replies":[{"embeddable":true,"href":"https:\/\/lavozdedelicias.com\/index.php\/wp-json\/wp\/v2\/comments?post=8372"}],"version-history":[{"count":1,"href":"https:\/\/lavozdedelicias.com\/index.php\/wp-json\/wp\/v2\/posts\/8372\/revisions"}],"predecessor-version":[{"id":8374,"href":"https:\/\/lavozdedelicias.com\/index.php\/wp-json\/wp\/v2\/posts\/8372\/revisions\/8374"}],"wp:featuredmedia":[{"embeddable":true,"href":"https:\/\/lavozdedelicias.com\/index.php\/wp-json\/wp\/v2\/media\/8373"}],"wp:attachment":[{"href":"https:\/\/lavozdedelicias.com\/index.php\/wp-json\/wp\/v2\/media?parent=8372"}],"wp:term":[{"taxonomy":"category","embeddable":true,"href":"https:\/\/lavozdedelicias.com\/index.php\/wp-json\/wp\/v2\/categories?post=8372"},{"taxonomy":"post_tag","embeddable":true,"href":"https:\/\/lavozdedelicias.com\/index.php\/wp-json\/wp\/v2\/tags?post=8372"}],"curies":[{"name":"wp","href":"https:\/\/api.w.org\/{rel}","templated":true}]}}