{"id":8330,"date":"2026-03-12T02:23:48","date_gmt":"2026-03-12T02:23:48","guid":{"rendered":"https:\/\/lavozdedelicias.com\/?p=8330"},"modified":"2026-03-12T02:23:48","modified_gmt":"2026-03-12T02:23:48","slug":"vinculan-a-proceso-a-imputados-por-la-muerte-de-un-nino-de-seis-anos-de-edad","status":"publish","type":"post","link":"https:\/\/lavozdedelicias.com\/index.php\/2026\/03\/12\/vinculan-a-proceso-a-imputados-por-la-muerte-de-un-nino-de-seis-anos-de-edad\/","title":{"rendered":"Vinculan a proceso a imputados por la muerte de un ni\u00f1o de seis a\u00f1os de edad"},"content":{"rendered":"<p>El Ministerio P\u00fablico de la Fiscal\u00eda de Distrito Zona Norte, obtuvo la vinculaci\u00f3n a proceso de los imputados Nataly Isela D.V., y Mart\u00edn Alberto C., por su probable responsabilidad en el delito de homicidio agravado y calificado, cometido a un menor de edad, en Ciudad Ju\u00e1rez.<\/p>\n<p>Los imputados fueron detenidos la noche del 04 de marzo, por elementos de la Polic\u00eda Municipal, despu\u00e9s de que llevaron al menor de edad a un hospital del Instituto Mexicano del Seguro Social (IMSS), inicialmente por los posibles delitos de omisi\u00f3n de cuidados y desobediencia y resistencia de particulares.<\/p>\n<p>De acuerdo a las indagatorias a cargo de la Unidad de Delitos Contra la Vida, los imputados golpearon al menor de seis a\u00f1os de edad de iniciales D. A. C. D., en repetidas ocasiones con instrumentos contundentes, siendo la causa de muerte, shock hipovol\u00e9mico hemorr\u00e1gico, consecutivo a laceraci\u00f3n hep\u00e1tica por trauma cerrado en abdomen, en hechos registrados entre los d\u00edas 2 y 4 de marzo del presente a\u00f1o, al interior de un domicilio que se ubica en la calle Dr. Alfonso Quiroz Reyes de la colonia Lucio Blanco.<\/p>\n<p>Con base en los datos de prueba expuestos por la representaci\u00f3n social, el Juez de Control conocedor de la causa penal, resolvi\u00f3 la situaci\u00f3n jur\u00eddica de la pareja de imputados, misma que enfrentar\u00e1n bajo la medida cautelar de prisi\u00f3n preventiva.<\/p>\n<p>Para lo cual se estableci\u00f3 un plazo de 04 meses para el cierre de la investigaci\u00f3n complementaria.<\/p>\n<p>**De acuerdo con las leyes y normas vigentes, los imputados se presume inocentes mientras no se declaren sus responsabilidades mediante sentencia emitida por la autoridad judicial (art\u00edculo 13 del C\u00f3digo Nacional de Procedimientos Penales)<\/p>\n<p><img loading=\"lazy\" decoding=\"async\" class=\"alignnone size-medium wp-image-8331\" src=\"https:\/\/lavozdedelicias.com\/wp-content\/uploads\/2026\/03\/WhatsApp-Image-2026-03-11-at-4.19.17-PM-300x202.jpeg\" alt=\"\" width=\"300\" height=\"202\" srcset=\"https:\/\/lavozdedelicias.com\/wp-content\/uploads\/2026\/03\/WhatsApp-Image-2026-03-11-at-4.19.17-PM-300x202.jpeg 300w, https:\/\/lavozdedelicias.com\/wp-content\/uploads\/2026\/03\/WhatsApp-Image-2026-03-11-at-4.19.17-PM-768x518.jpeg 768w, https:\/\/lavozdedelicias.com\/wp-content\/uploads\/2026\/03\/WhatsApp-Image-2026-03-11-at-4.19.17-PM.jpeg 902w\" sizes=\"auto, (max-width: 300px) 100vw, 300px\" \/> <img loading=\"lazy\" decoding=\"async\" class=\"alignnone size-medium wp-image-8332\" src=\"https:\/\/lavozdedelicias.com\/wp-content\/uploads\/2026\/03\/WhatsApp-Image-2026-03-11-at-4.19.16-PM-300x239.jpeg\" alt=\"\" width=\"300\" height=\"239\" srcset=\"https:\/\/lavozdedelicias.com\/wp-content\/uploads\/2026\/03\/WhatsApp-Image-2026-03-11-at-4.19.16-PM-300x239.jpeg 300w, https:\/\/lavozdedelicias.com\/wp-content\/uploads\/2026\/03\/WhatsApp-Image-2026-03-11-at-4.19.16-PM-768x611.jpeg 768w, https:\/\/lavozdedelicias.com\/wp-content\/uploads\/2026\/03\/WhatsApp-Image-2026-03-11-at-4.19.16-PM.jpeg 903w\" sizes=\"auto, (max-width: 300px) 100vw, 300px\" \/><\/p>\n","protected":false},"excerpt":{"rendered":"<p>El Ministerio P\u00fablico de la Fiscal\u00eda de Distrito Zona Norte, obtuvo la vinculaci\u00f3n a proceso de los imputados Nataly Isela D.V., y Mart\u00edn Alberto C., por su probable responsabilidad en el delito de homicidio agravado y calificado, cometido a un menor de edad, en Ciudad Ju\u00e1rez. Los imputados fueron detenidos la noche del 04 de &hellip;<\/p>\n","protected":false},"author":2,"featured_media":8332,"comment_status":"open","ping_status":"closed","sticky":false,"template":"","format":"standard","meta":{"footnotes":""},"categories":[27],"tags":[],"class_list":["post-8330","post","type-post","status-publish","format-standard","has-post-thumbnail","hentry","category-el-estado"],"_links":{"self":[{"href":"https:\/\/lavozdedelicias.com\/index.php\/wp-json\/wp\/v2\/posts\/8330","targetHints":{"allow":["GET"]}}],"collection":[{"href":"https:\/\/lavozdedelicias.com\/index.php\/wp-json\/wp\/v2\/posts"}],"about":[{"href":"https:\/\/lavozdedelicias.com\/index.php\/wp-json\/wp\/v2\/types\/post"}],"author":[{"embeddable":true,"href":"https:\/\/lavozdedelicias.com\/index.php\/wp-json\/wp\/v2\/users\/2"}],"replies":[{"embeddable":true,"href":"https:\/\/lavozdedelicias.com\/index.php\/wp-json\/wp\/v2\/comments?post=8330"}],"version-history":[{"count":1,"href":"https:\/\/lavozdedelicias.com\/index.php\/wp-json\/wp\/v2\/posts\/8330\/revisions"}],"predecessor-version":[{"id":8333,"href":"https:\/\/lavozdedelicias.com\/index.php\/wp-json\/wp\/v2\/posts\/8330\/revisions\/8333"}],"wp:featuredmedia":[{"embeddable":true,"href":"https:\/\/lavozdedelicias.com\/index.php\/wp-json\/wp\/v2\/media\/8332"}],"wp:attachment":[{"href":"https:\/\/lavozdedelicias.com\/index.php\/wp-json\/wp\/v2\/media?parent=8330"}],"wp:term":[{"taxonomy":"category","embeddable":true,"href":"https:\/\/lavozdedelicias.com\/index.php\/wp-json\/wp\/v2\/categories?post=8330"},{"taxonomy":"post_tag","embeddable":true,"href":"https:\/\/lavozdedelicias.com\/index.php\/wp-json\/wp\/v2\/tags?post=8330"}],"curies":[{"name":"wp","href":"https:\/\/api.w.org\/{rel}","templated":true}]}}