{"id":8327,"date":"2026-03-12T02:21:23","date_gmt":"2026-03-12T02:21:23","guid":{"rendered":"https:\/\/lavozdedelicias.com\/?p=8327"},"modified":"2026-03-12T02:21:23","modified_gmt":"2026-03-12T02:21:23","slug":"obtiene-fiscalia-de-distrito-vinculacion-a-proceso-de-masculino-por-posesion-de-droga-y-arma-de-fuego","status":"publish","type":"post","link":"https:\/\/lavozdedelicias.com\/index.php\/2026\/03\/12\/obtiene-fiscalia-de-distrito-vinculacion-a-proceso-de-masculino-por-posesion-de-droga-y-arma-de-fuego\/","title":{"rendered":"Obtiene Fiscal\u00eda de Distrito vinculaci\u00f3n a proceso de masculino por posesi\u00f3n de droga y arma de fuego"},"content":{"rendered":"<p>La Unidad Especializada en Investigaci\u00f3n de Delitos de Narcomenudeo, de la Fiscal\u00eda de Distrito Zona Centro, obtuvo la vinculaci\u00f3n a proceso del imputado Julio C\u00e9sar R. C., por delitos contra la salud y portaci\u00f3n ilegal de arma de fuego.<\/p>\n<p>El agente del Ministerio P\u00fablico acredit\u00f3 la probable responsabilidad del imputado, por hechos registrados el 3 de marzo del a\u00f1o 2026, en las calles Punta del Alamillo y Punta del Agua, de la colonia Punta Oriente, en la ciudad de Chihuahua.<\/p>\n<p>La detenci\u00f3n en flagrancia del imputado estuvo a cargo de elementos de la Agencia Estatal de Investigaci\u00f3n (AEI), y de la Unidad de Inteligencia Policial (UIP) de la Direcci\u00f3n de Seguridad P\u00fablica Municipal la (DSPM), en posesi\u00f3n de un arma de fuego calibre .9 mil\u00edmetros, ocho cartuchos \u00fatiles, y 35.1832 gramos de metanfetamina.<\/p>\n<p>El Juez de Control del Distrito Judicial Morelos conocedor de la causa penal 581\/2026, resolvi\u00f3 la situaci\u00f3n jur\u00eddica del imputado, adem\u00e1s de imponerle la medida cautelar de prisi\u00f3n preventiva por el tiempo que dure el proceso.<\/p>\n<p>Cabe se\u00f1alar que las periciales en bal\u00edstica practicadas al arma de fuego asegurada, dio positivo con la utilizada en un caso de tentativa de homicidio, que se encuentra en proceso de investigaci\u00f3n.<\/p>\n<p><img loading=\"lazy\" decoding=\"async\" class=\"alignnone size-medium wp-image-8328\" src=\"https:\/\/lavozdedelicias.com\/wp-content\/uploads\/2026\/03\/WhatsApp-Image-2026-03-11-at-4.56.13-PM-300x169.jpeg\" alt=\"\" width=\"300\" height=\"169\" srcset=\"https:\/\/lavozdedelicias.com\/wp-content\/uploads\/2026\/03\/WhatsApp-Image-2026-03-11-at-4.56.13-PM-300x169.jpeg 300w, https:\/\/lavozdedelicias.com\/wp-content\/uploads\/2026\/03\/WhatsApp-Image-2026-03-11-at-4.56.13-PM-1024x575.jpeg 1024w, https:\/\/lavozdedelicias.com\/wp-content\/uploads\/2026\/03\/WhatsApp-Image-2026-03-11-at-4.56.13-PM-768x431.jpeg 768w, https:\/\/lavozdedelicias.com\/wp-content\/uploads\/2026\/03\/WhatsApp-Image-2026-03-11-at-4.56.13-PM-390x220.jpeg 390w, https:\/\/lavozdedelicias.com\/wp-content\/uploads\/2026\/03\/WhatsApp-Image-2026-03-11-at-4.56.13-PM.jpeg 1280w\" sizes=\"auto, (max-width: 300px) 100vw, 300px\" \/><\/p>\n","protected":false},"excerpt":{"rendered":"<p>La Unidad Especializada en Investigaci\u00f3n de Delitos de Narcomenudeo, de la Fiscal\u00eda de Distrito Zona Centro, obtuvo la vinculaci\u00f3n a proceso del imputado Julio C\u00e9sar R. C., por delitos contra la salud y portaci\u00f3n ilegal de arma de fuego. El agente del Ministerio P\u00fablico acredit\u00f3 la probable responsabilidad del imputado, por hechos registrados el 3 &hellip;<\/p>\n","protected":false},"author":2,"featured_media":8328,"comment_status":"open","ping_status":"closed","sticky":false,"template":"","format":"standard","meta":{"footnotes":""},"categories":[27],"tags":[],"class_list":["post-8327","post","type-post","status-publish","format-standard","has-post-thumbnail","hentry","category-el-estado"],"_links":{"self":[{"href":"https:\/\/lavozdedelicias.com\/index.php\/wp-json\/wp\/v2\/posts\/8327","targetHints":{"allow":["GET"]}}],"collection":[{"href":"https:\/\/lavozdedelicias.com\/index.php\/wp-json\/wp\/v2\/posts"}],"about":[{"href":"https:\/\/lavozdedelicias.com\/index.php\/wp-json\/wp\/v2\/types\/post"}],"author":[{"embeddable":true,"href":"https:\/\/lavozdedelicias.com\/index.php\/wp-json\/wp\/v2\/users\/2"}],"replies":[{"embeddable":true,"href":"https:\/\/lavozdedelicias.com\/index.php\/wp-json\/wp\/v2\/comments?post=8327"}],"version-history":[{"count":1,"href":"https:\/\/lavozdedelicias.com\/index.php\/wp-json\/wp\/v2\/posts\/8327\/revisions"}],"predecessor-version":[{"id":8329,"href":"https:\/\/lavozdedelicias.com\/index.php\/wp-json\/wp\/v2\/posts\/8327\/revisions\/8329"}],"wp:featuredmedia":[{"embeddable":true,"href":"https:\/\/lavozdedelicias.com\/index.php\/wp-json\/wp\/v2\/media\/8328"}],"wp:attachment":[{"href":"https:\/\/lavozdedelicias.com\/index.php\/wp-json\/wp\/v2\/media?parent=8327"}],"wp:term":[{"taxonomy":"category","embeddable":true,"href":"https:\/\/lavozdedelicias.com\/index.php\/wp-json\/wp\/v2\/categories?post=8327"},{"taxonomy":"post_tag","embeddable":true,"href":"https:\/\/lavozdedelicias.com\/index.php\/wp-json\/wp\/v2\/tags?post=8327"}],"curies":[{"name":"wp","href":"https:\/\/api.w.org\/{rel}","templated":true}]}}