{"id":8315,"date":"2026-03-12T01:48:12","date_gmt":"2026-03-12T01:48:12","guid":{"rendered":"https:\/\/lavozdedelicias.com\/?p=8315"},"modified":"2026-03-12T01:48:12","modified_gmt":"2026-03-12T01:48:12","slug":"mexico-firma-acuerdo-con-plataformas-para-combatir-la-violencia-digital-x-se-niega-a-participar","status":"publish","type":"post","link":"https:\/\/lavozdedelicias.com\/index.php\/2026\/03\/12\/mexico-firma-acuerdo-con-plataformas-para-combatir-la-violencia-digital-x-se-niega-a-participar\/","title":{"rendered":"M\u00e9xico firma acuerdo con plataformas para combatir la violencia digital: X se niega a participar"},"content":{"rendered":"<p>El Gobierno de M\u00e9xico anunci\u00f3 la creaci\u00f3n del\u00a0Primer Acuerdo de Colaboraci\u00f3n Voluntaria con Plataformas Digitales (como Google y Meta) para Combatir las Violencias en el \u00c1mbito Digital,\u00a0fen\u00f3meno que afecta a millones de personas en el pa\u00eds, especialmente a mujeres.<\/p>\n<p>En los \u00faltimos cuatro a\u00f1os,\u00a0las v\u00edctimas que sufrieron ciberacosos crecieron de 16.1 millones a 18.9 millones,\u00a0de las cuales, m\u00e1s de la mitad son mujeres, seg\u00fan el\u00a0M\u00f3dulo Sobre Ciberacoso (Mociba)\u00a0del Instituto Nacional de Estad\u00edstica y Geograf\u00eda (Inegi).<\/p>\n<p>Durante la conferencia matutina de este 11 de marzo,\u00a0Claudia\u00a0Sheinbaum, la presidenta de M\u00e9xico, en conjunto con la Secretar\u00eda de Mujer explic\u00f3 que se trata de un acuerdo voluntario con empresas tecnol\u00f3gicas,\u00a0cuyo objetivo es mejorar los mecanismos para retirar contenido que violente a mujeres y fortalecer la prevenci\u00f3n dentro de redes sociales.<\/p>\n<p>\u201cEl combate a la violencia es una tarea integral debemos hacerlo en todos los espacios donde viven las mujeres, no debe normalizarse la violencia y lamentablemente en el espacio digital se normaliza\u201d.<\/p>\n<p><cite>Citlalli Hern\u00e1ndez, titular de la Secretar\u00eda de las Mujeres<\/cite><\/p>\n<h2 id=\"h-que-plataformas-formaran-parte-del-acuerdo-de-colaboracion-contra-la-violencia-digital\" class=\"wp-block-heading\">\u00bfQu\u00e9 plataformas formar\u00e1n parte del Acuerdo de Colaboraci\u00f3n Contra la Violencia Digital?<\/h2>\n<p>Citlalli Hern\u00e1ndez, titular de laSecretar\u00eda de las Mujeres,\u00a0precis\u00f3 que el acuerdo se llevar\u00e1 a cabo del lado de Gobierno entre dicha Secretar\u00eda y la Agencia de Transformaci\u00f3n Digital y Telecomunicaciones. Mientras que del lado de las plataformas estar\u00e1n Google, Meta (Facebook, WhatsAPP e Instagram) y TikTok.<\/p>\n<div class=\"code-block code-block-2\">\n<div class=\"truvidPos\">Asimismo, precis\u00f3 que se intent\u00f3 invitar a la aplicaci\u00f3n X, pero esta se neg\u00f3: <em>\u201ctambi\u00e9n fue convocada la plataforma X, pero argumentaron que no tienen oficina en M\u00e9xico por lo que no pudieron estar y es una de las plataformas donde m\u00e1s vemos esto\u201d<\/em>, se\u00f1al\u00f3.<\/div>\n<\/div>\n<ul class=\"wp-block-list\">\n<li>Otras plataformas que se espera se integren en modalidad de viaje seguro son Uber y Didi, seg\u00fan Hern\u00e1ndez<\/li>\n<\/ul>\n<h2 id=\"h-primer-acuerdo-de-colaboracion-voluntaria-con-plataformas-digitales-para-combatir-las-violencias-en-el-ambito-digital-se-dividira-en-dos-fases\" class=\"wp-block-heading\">Primer Acuerdo de Colaboraci\u00f3n Voluntaria con Plataformas Digitales para Combatir las Violencias en el \u00c1mbito Digital se dividir\u00e1 en dos fases:<\/h2>\n<p>De acuerdo con la titular de la Secretar\u00eda de las Mujeres, si bien, al momento las plataformas ya cuentan con normas comunitarias, gu\u00edas para prevenir violencia digital y recursos para apoyar a v\u00edctimas, es necesario fortalecer estas acciones.<\/p>\n<p>El plan presentado por el Gobierno federal contempla\u00a017 acciones divididas en dos fases principales\u00a0para reforzar la seguridad digital de las mujeres.<\/p>\n<p>Prevenci\u00f3n: en la parte de prevenci\u00f3n destacan nueve acciones:<\/p>\n<ol class=\"wp-block-list\">\n<li>Revisi\u00f3n de las normas de convivencia comunitaria en las redes sociales para su fortalecimiento<\/li>\n<li>Generar y difundir conjuntamente la Cartilla de la seguridad digital<\/li>\n<li>Campa\u00f1as para posicionar mensajes educativos y formativos dirigidos a personas creadoras de contenido y usuarias<\/li>\n<li>Campa\u00f1as para incentivar la denuncia y reportes con las autoridades correspondientes y en las herramientas de denuncia de las plataformas<\/li>\n<li>Campa\u00f1as informativas en el espacio digital<\/li>\n<li>Fortalecimiento de herramientas y pol\u00edticas para prevenir, atender y erradicar las violencias<\/li>\n<li>Educar al ecosistema de personas creadoras de contenido y personas usuarias para fomentar un entorno digital inclusivo<\/li>\n<li>Generar informaci\u00f3n accesible para sensibilizar a las y los usuarios sobre el uso responsable de tecnolog\u00eda<\/li>\n<li>Robustecer estrategias de prevenci\u00f3n con mesas de di\u00e1logo constante y trabajo conjunto<\/li>\n<\/ol>\n<p>Mientras que en\u00a0la de acci\u00f3n destacan ocho:<\/p>\n<ol class=\"wp-block-list\">\n<li>Se activar\u00e1n medidas inmediatas para atender casos de violencia<\/li>\n<li>Creaci\u00f3n de una gu\u00eda para reportar contenidos y usar herramientas de protecci\u00f3n en las plataformas digitales.<\/li>\n<li>Fortalecimiento de herramientas y pol\u00edticas para generar mejores espacios de reporte y denuncia a perfiles, cuentas o usuarios que infrinjan las normas comunitarias.<\/li>\n<li>Vincular los mecanismos de reporte de violencias habilitando la l\u00ednea 079, opci\u00f3n 1, para primeros auxilios emocionales y canalizaci\u00f3n a instituciones de atenci\u00f3n.<\/li>\n<li>Cooperaci\u00f3n con autoridades para la investigaci\u00f3n hacia la atenci\u00f3n a v\u00edctimas a trav\u00e9s de contactos directos entre enlaces entre las empresas y las Fiscal\u00edas, Ministerios P\u00fablicos y Polic\u00edas Cibern\u00e9ticas.<\/li>\n<li>Colaboraci\u00f3n estrat\u00e9gica para el retiro de contenido violento o \u00edntimo no consentido sin comprometer la cadena de custodia digital.<\/li>\n<li>Desarrollar nuevas herramientas y pol\u00edticas accesibles, comprensibles y de f\u00e1cil consulta que permitan atender casos de acoso y otras conductas de abuso y odio que afectan a las mujeres.<\/li>\n<li>Se iniciar\u00e1n mesas de trabajo para establecer una ruta de cooperaci\u00f3n con autoridades, instituciones acad\u00e9micas, expertas en derechos digitales y organizaciones sociales, para fortalecer atenci\u00f3n a v\u00edctimas, la cooperaci\u00f3n en los casos de violencia que impliquen delitos y la mejora de pol\u00edticas relacionadas con el combate a la violencia digital.<\/li>\n<\/ol>\n<p>La funcionaria explic\u00f3 que este acuerdo es resultado de\u00a0mesas de colaboraci\u00f3n iniciadas el 27 de noviembre de 2025\u00a0entre el Gobierno y las plataformas digitales.<\/p>\n<h2 id=\"h-como-denunciar-si-soy-victima-de-violencia-digital\" class=\"wp-block-heading\">\u00bfC\u00f3mo denunciar si soy v\u00edctima de violencia digital?<\/h2>\n<p>La presidenta Sheinbaum destac\u00f3 que si una persona es v\u00edctima de esta violencia, puede denunciar\u00a0a trav\u00e9s de las plataformas o bien mediante la p\u00e1gina de la Secretar\u00eda de las Mujeres y en el n\u00famero 079, l\u00ednea 1.<\/p>\n<p>Finalmente, destac\u00f3 que este es\u00a0el primer acuerdo de este tipo en M\u00e9xico, y asegur\u00f3 que representa un avance para garantizar\u00a0espacios digitales m\u00e1s seguros para las mujeres mexicanas.<\/p>\n<p><img loading=\"lazy\" decoding=\"async\" class=\"alignnone size-medium wp-image-8316\" src=\"https:\/\/lavozdedelicias.com\/wp-content\/uploads\/2026\/03\/meta-ai-en-whatsapp-133136-201340-300x169.jpg\" alt=\"\" width=\"300\" height=\"169\" srcset=\"https:\/\/lavozdedelicias.com\/wp-content\/uploads\/2026\/03\/meta-ai-en-whatsapp-133136-201340-300x169.jpg 300w, https:\/\/lavozdedelicias.com\/wp-content\/uploads\/2026\/03\/meta-ai-en-whatsapp-133136-201340-1024x576.jpg 1024w, https:\/\/lavozdedelicias.com\/wp-content\/uploads\/2026\/03\/meta-ai-en-whatsapp-133136-201340-768x432.jpg 768w, https:\/\/lavozdedelicias.com\/wp-content\/uploads\/2026\/03\/meta-ai-en-whatsapp-133136-201340-390x220.jpg 390w, https:\/\/lavozdedelicias.com\/wp-content\/uploads\/2026\/03\/meta-ai-en-whatsapp-133136-201340.jpg 1200w\" sizes=\"auto, (max-width: 300px) 100vw, 300px\" \/><\/p>\n","protected":false},"excerpt":{"rendered":"<p>El Gobierno de M\u00e9xico anunci\u00f3 la creaci\u00f3n del\u00a0Primer Acuerdo de Colaboraci\u00f3n Voluntaria con Plataformas Digitales (como Google y Meta) para Combatir las Violencias en el \u00c1mbito Digital,\u00a0fen\u00f3meno que afecta a millones de personas en el pa\u00eds, especialmente a mujeres. En los \u00faltimos cuatro a\u00f1os,\u00a0las v\u00edctimas que sufrieron ciberacosos crecieron de 16.1 millones a 18.9 millones,\u00a0de &hellip;<\/p>\n","protected":false},"author":2,"featured_media":8316,"comment_status":"open","ping_status":"closed","sticky":false,"template":"","format":"standard","meta":{"footnotes":""},"categories":[28],"tags":[],"class_list":["post-8315","post","type-post","status-publish","format-standard","has-post-thumbnail","hentry","category-nacionales"],"_links":{"self":[{"href":"https:\/\/lavozdedelicias.com\/index.php\/wp-json\/wp\/v2\/posts\/8315","targetHints":{"allow":["GET"]}}],"collection":[{"href":"https:\/\/lavozdedelicias.com\/index.php\/wp-json\/wp\/v2\/posts"}],"about":[{"href":"https:\/\/lavozdedelicias.com\/index.php\/wp-json\/wp\/v2\/types\/post"}],"author":[{"embeddable":true,"href":"https:\/\/lavozdedelicias.com\/index.php\/wp-json\/wp\/v2\/users\/2"}],"replies":[{"embeddable":true,"href":"https:\/\/lavozdedelicias.com\/index.php\/wp-json\/wp\/v2\/comments?post=8315"}],"version-history":[{"count":1,"href":"https:\/\/lavozdedelicias.com\/index.php\/wp-json\/wp\/v2\/posts\/8315\/revisions"}],"predecessor-version":[{"id":8317,"href":"https:\/\/lavozdedelicias.com\/index.php\/wp-json\/wp\/v2\/posts\/8315\/revisions\/8317"}],"wp:featuredmedia":[{"embeddable":true,"href":"https:\/\/lavozdedelicias.com\/index.php\/wp-json\/wp\/v2\/media\/8316"}],"wp:attachment":[{"href":"https:\/\/lavozdedelicias.com\/index.php\/wp-json\/wp\/v2\/media?parent=8315"}],"wp:term":[{"taxonomy":"category","embeddable":true,"href":"https:\/\/lavozdedelicias.com\/index.php\/wp-json\/wp\/v2\/categories?post=8315"},{"taxonomy":"post_tag","embeddable":true,"href":"https:\/\/lavozdedelicias.com\/index.php\/wp-json\/wp\/v2\/tags?post=8315"}],"curies":[{"name":"wp","href":"https:\/\/api.w.org\/{rel}","templated":true}]}}