{"id":8312,"date":"2026-03-12T01:45:30","date_gmt":"2026-03-12T01:45:30","guid":{"rendered":"https:\/\/lavozdedelicias.com\/?p=8312"},"modified":"2026-03-12T01:45:30","modified_gmt":"2026-03-12T01:45:30","slug":"rechazan-reforma-electoral-de-sheinbaum-en-san-lazaro","status":"publish","type":"post","link":"https:\/\/lavozdedelicias.com\/index.php\/2026\/03\/12\/rechazan-reforma-electoral-de-sheinbaum-en-san-lazaro\/","title":{"rendered":"Rechazan reforma electoral de Sheinbaum en San L\u00e1zaro"},"content":{"rendered":"<p>La\u00a0reforma electoral\u00a0enviada por la presidenta\u00a0Claudia Sheinbaum\u00a0fue rechazada en el\u00a0Pleno de San L\u00e1zaro, luego de que la oposici\u00f3n y aliados sumaran los votos necesarios para frenar el dictamen. La propuesta planteaba cambios a\u00a011 art\u00edculos de la Constituci\u00f3n\u00a0en materia electoral.<\/p>\n<p>Con\u00a0234 votos en contra\u00a0de\u00a0PT, Verde, PAN, PRI y MC, la iniciativa no logr\u00f3 avanzar en la\u00a0C\u00e1mara de Diputados. Aunque\u00a0Morena\u00a0y algunos legisladores del\u00a0Verde\u00a0reunieron\u00a0259 votos a favor, adem\u00e1s de\u00a0una abstenci\u00f3n, la cifra no alcanz\u00f3 la\u00a0mayor\u00eda calificada\u00a0requerida.<\/p>\n<h2 id=\"h-san-lazaro-frena-reforma-electoral-de-sheinbaum\" class=\"wp-block-heading\">San L\u00e1zaro frena reforma electoral de Sheinbaum<\/h2>\n<p>El resultado de la votaci\u00f3n dej\u00f3 sin efecto la modificaci\u00f3n constitucional impulsada por el bloque oficialista en materia\u00a0electoral.<\/p>\n<p>Pese al respaldo de\u00a0Morena\u00a0y parte del\u00a0Partido Verde, la propuesta qued\u00f3 detenida al no alcanzar los votos necesarios para su aprobaci\u00f3n en el\u00a0Pleno de San L\u00e1zaro.<\/p>\n<div class=\"code-block code-block-2\">\n<div class=\"truvidPos\">Con este resultado, la iniciativa de reforma electoral de Claudia Sheinbaum\u00a0fue desechada en la\u00a0C\u00e1mara de Diputados.<\/div>\n<\/div>\n<div class=\"code-block code-block-8\">\n<div class=\"code-block\"><span style=\"font-size: 24px;\">Monreal anticipa \u201cPlan B\u201d tras rechazo a reforma electoral de Sheinbaum<\/span><\/div>\n<\/div>\n<p>Tras el rechazo a la\u00a0reforma electoral\u00a0enviada por la presidenta\u00a0Claudia Sheinbaum, el coordinador de los diputados de\u00a0Morena,\u00a0Ricardo Monreal, adelant\u00f3 que su bancada impulsar\u00e1 un\u00a0\u201cPlan B\u201d. El anuncio se dio en\u00a0San L\u00e1zaro, luego de un debate acotado en el que solo participaron los jefes de bancada antes de la votaci\u00f3n.<\/p>\n<div class=\"code-block code-block-18\"><\/div>\n<p>Monreal expres\u00f3 \u201crespeto\u201d a los aliados que no acompa\u00f1aron la iniciativa y asegur\u00f3 que\u00a0Morena\u00a0seguir\u00e1 recorriendo el pa\u00eds para explicar el proyecto, pese al \u201crechazo temporal\u201d. \u201cLes anunciamos (\u2026) que una vez que se rechace, comenzaremos a construir el\u00a0Plan B\u201d, afirm\u00f3 entre aplausos de su bancada.<\/p>\n<p>De acuerdo con analistas y algunos legisladores, el llamado\u00a0\u201cPlan B\u201d\u00a0podr\u00eda consistir en cambios a\u00a0leyes secundarias, una v\u00eda que no requiere\u00a0mayor\u00eda calificada\u00a0al no tratarse de reformas constitucionales.<\/p>\n<p><img loading=\"lazy\" decoding=\"async\" class=\"alignnone size-medium wp-image-8313\" src=\"https:\/\/lavozdedelicias.com\/wp-content\/uploads\/2026\/03\/diputados-salon-de-belleza-175546-300x169.jpg\" alt=\"\" width=\"300\" height=\"169\" srcset=\"https:\/\/lavozdedelicias.com\/wp-content\/uploads\/2026\/03\/diputados-salon-de-belleza-175546-300x169.jpg 300w, https:\/\/lavozdedelicias.com\/wp-content\/uploads\/2026\/03\/diputados-salon-de-belleza-175546-1024x576.jpg 1024w, https:\/\/lavozdedelicias.com\/wp-content\/uploads\/2026\/03\/diputados-salon-de-belleza-175546-768x432.jpg 768w, https:\/\/lavozdedelicias.com\/wp-content\/uploads\/2026\/03\/diputados-salon-de-belleza-175546-390x220.jpg 390w, https:\/\/lavozdedelicias.com\/wp-content\/uploads\/2026\/03\/diputados-salon-de-belleza-175546.jpg 1200w\" sizes=\"auto, (max-width: 300px) 100vw, 300px\" \/><\/p>\n","protected":false},"excerpt":{"rendered":"<p>La\u00a0reforma electoral\u00a0enviada por la presidenta\u00a0Claudia Sheinbaum\u00a0fue rechazada en el\u00a0Pleno de San L\u00e1zaro, luego de que la oposici\u00f3n y aliados sumaran los votos necesarios para frenar el dictamen. La propuesta planteaba cambios a\u00a011 art\u00edculos de la Constituci\u00f3n\u00a0en materia electoral. Con\u00a0234 votos en contra\u00a0de\u00a0PT, Verde, PAN, PRI y MC, la iniciativa no logr\u00f3 avanzar en la\u00a0C\u00e1mara de &hellip;<\/p>\n","protected":false},"author":2,"featured_media":8313,"comment_status":"open","ping_status":"closed","sticky":false,"template":"","format":"standard","meta":{"footnotes":""},"categories":[28],"tags":[],"class_list":["post-8312","post","type-post","status-publish","format-standard","has-post-thumbnail","hentry","category-nacionales"],"_links":{"self":[{"href":"https:\/\/lavozdedelicias.com\/index.php\/wp-json\/wp\/v2\/posts\/8312","targetHints":{"allow":["GET"]}}],"collection":[{"href":"https:\/\/lavozdedelicias.com\/index.php\/wp-json\/wp\/v2\/posts"}],"about":[{"href":"https:\/\/lavozdedelicias.com\/index.php\/wp-json\/wp\/v2\/types\/post"}],"author":[{"embeddable":true,"href":"https:\/\/lavozdedelicias.com\/index.php\/wp-json\/wp\/v2\/users\/2"}],"replies":[{"embeddable":true,"href":"https:\/\/lavozdedelicias.com\/index.php\/wp-json\/wp\/v2\/comments?post=8312"}],"version-history":[{"count":1,"href":"https:\/\/lavozdedelicias.com\/index.php\/wp-json\/wp\/v2\/posts\/8312\/revisions"}],"predecessor-version":[{"id":8314,"href":"https:\/\/lavozdedelicias.com\/index.php\/wp-json\/wp\/v2\/posts\/8312\/revisions\/8314"}],"wp:featuredmedia":[{"embeddable":true,"href":"https:\/\/lavozdedelicias.com\/index.php\/wp-json\/wp\/v2\/media\/8313"}],"wp:attachment":[{"href":"https:\/\/lavozdedelicias.com\/index.php\/wp-json\/wp\/v2\/media?parent=8312"}],"wp:term":[{"taxonomy":"category","embeddable":true,"href":"https:\/\/lavozdedelicias.com\/index.php\/wp-json\/wp\/v2\/categories?post=8312"},{"taxonomy":"post_tag","embeddable":true,"href":"https:\/\/lavozdedelicias.com\/index.php\/wp-json\/wp\/v2\/tags?post=8312"}],"curies":[{"name":"wp","href":"https:\/\/api.w.org\/{rel}","templated":true}]}}