{"id":8309,"date":"2026-03-12T01:42:39","date_gmt":"2026-03-12T01:42:39","guid":{"rendered":"https:\/\/lavozdedelicias.com\/?p=8309"},"modified":"2026-03-12T01:42:39","modified_gmt":"2026-03-12T01:42:39","slug":"senado-ajusta-pensiones-de-lujo-de-burocratas-pone-limite-de-50-del-salario-presidencial","status":"publish","type":"post","link":"https:\/\/lavozdedelicias.com\/index.php\/2026\/03\/12\/senado-ajusta-pensiones-de-lujo-de-burocratas-pone-limite-de-50-del-salario-presidencial\/","title":{"rendered":"Senado ajusta \u201cpensiones de lujo\u201d de bur\u00f3cratas; pone l\u00edmite de 50% del salario presidencial"},"content":{"rendered":"<p>El\u00a0Senado de la Rep\u00fablica\u00a0aprob\u00f3 por\u00a0unanimidad de 116 votos\u00a0una reforma al\u00a0art\u00edculo 127 de la Constituci\u00f3n\u00a0para\u00a0eliminar\u00a0las llamadas \u201cpensiones doradas\u201d\u00a0y establecer como tope\u00a0el 50% del salario de la presidenta de M\u00e9xico\u00a0para estos pagos financiados con recursos p\u00fablicos.<\/p>\n<p>La iniciativa, impulsada por la mayor\u00eda legislativa, busca\u00a0evitar pensiones consideradas excesivas dentro del sector p\u00fablico\u00a0y reducir lo que algunos legisladores han calificado como\u00a0privilegios dentro de la burocracia.<\/p>\n<h2 class=\"wp-block-heading\">Senado aprueba tope a \u201cpensiones doradas\u201d en el sector p\u00fablico<\/h2>\n<p>Durante la discusi\u00f3n, legisladores de Morena defendieron la reforma al se\u00f1alar que durante a\u00f1os se consolidaron\u00a0pensiones muy altas para una minor\u00eda de funcionarios.<\/p>\n<p>El\u00a0senador de Morena,\u00a0Javier Corral Jurado, afirm\u00f3 que estas pensiones representan privilegios alejados de la realidad de la mayor\u00eda de la poblaci\u00f3n.<\/p>\n<p>\u201cDurante a\u00f1os se consolidaron pensiones estratosf\u00e9ricas para una peque\u00f1a burocracia privilegiada, verdaderas castas doradas sostenidas por el erario\u201d, se\u00f1al\u00f3.<\/p>\n<div class=\"code-block code-block-2\">\n<div class=\"truvidPos\">Por su parte, el senador Sa\u00fal Monreal\u00a0explic\u00f3 que mientras\u00a0el promedio de pensi\u00f3n en M\u00e9xico ronda entre 6 mil 676 y 8 mil 400 pesos mensuales, existen casos dentro del sector p\u00fablico donde se pagan\u00a0pensiones de entre 340 mil pesos hasta un mill\u00f3n de pesos al mes.<\/div>\n<\/div>\n<div class=\"code-block code-block-8\">\n<div class=\"code-block\">\u201cMientras que en M\u00e9xico el promedio de pensi\u00f3n ronda entre 6 mil 676 y 8 mil 400 pesos mensuales, existen casos en el sector p\u00fablico donde se pagan pensiones que van desde 340 hasta un mill\u00f3n de pesos mensuales con cargo al erario\u201d, dijo.<\/div>\n<\/div>\n<h2 class=\"wp-block-heading\">Oposici\u00f3n respalda la reforma, pero acusa motivaciones pol\u00edticas<\/h2>\n<p>Aunque la reforma fue aprobada por unanimidad en lo general,\u00a0legisladores de la oposici\u00f3n cuestionaron el trasfondo de la iniciativa.<\/p>\n<p>La senadora del PRI,\u00a0Carolina Viggiano, sostuvo que la propuesta podr\u00eda tener\u00a0motivaciones pol\u00edticas, al se\u00f1alar que el tema se utiliza para la narrativa del Gobierno.<\/p>\n<p>\u201cHoy aqu\u00ed se usa para la propia propaganda de Gobierno, para sus venganzas personales\u201d, afirm\u00f3.<\/p>\n<p>Desde el PAN, el senador\u00a0Francisco Javier Ram\u00edrez Acu\u00f1a\u00a0critic\u00f3 que la medida\u00a0no abarque a toda la administraci\u00f3n p\u00fablica\u00a0y advirti\u00f3 que el l\u00edmite podr\u00eda quedar\u00a0sujeto al salario que tenga el presidente en turno.<\/p>\n<p>\u201cEste tipo de abusos no s\u00f3lo debe alcanzar a quienes va dirigido, sino a todos los organismos p\u00fablicos e instituciones aut\u00f3nomas\u201d, se\u00f1al\u00f3.<\/p>\n<p>Tambi\u00e9n cuestion\u00f3 que\u00a0las pensiones se calculen con base en el salario presidencial\u00a0y propuso que el par\u00e1metro se establezca en\u00a0UMAs\u00a0para garantizar mayor certeza a los pensionados.<\/p>\n<h2 class=\"wp-block-heading\">Movimiento Ciudadano se abstiene en la votaci\u00f3n en lo particular<\/h2>\n<p>Durante la votaci\u00f3n en lo particular,\u00a0los seis senadores de Movimiento Ciudadano se abstuvieron, al considerar que la reforma\u00a0no resuelve el problema estructural del sistema de pensiones.<\/p>\n<p>La senadora\u00a0Alejandra Barrales\u00a0sostuvo que la iniciativa\u00a0no aborda la dimensi\u00f3n financiera del sistema.<\/p>\n<p>\u201cEsta iniciativa no est\u00e1 contemplando la dimensi\u00f3n del problema\u2026 algunos nos atrevemos a afirmar que esto lleva dedicatoria una vez m\u00e1s\u201d, expres\u00f3.<\/p>\n<p>Tras su aprobaci\u00f3n en el Senado,\u00a0la minuta fue enviada a la C\u00e1mara de Diputados, donde continuar\u00e1 su proceso legislativo.<\/p>\n<p><img loading=\"lazy\" decoding=\"async\" class=\"alignnone size-medium wp-image-8310\" src=\"https:\/\/lavozdedelicias.com\/wp-content\/uploads\/2026\/03\/senado-limite-a-pensiones-de-lujo-175654-300x169.jpg\" alt=\"\" width=\"300\" height=\"169\" srcset=\"https:\/\/lavozdedelicias.com\/wp-content\/uploads\/2026\/03\/senado-limite-a-pensiones-de-lujo-175654-300x169.jpg 300w, https:\/\/lavozdedelicias.com\/wp-content\/uploads\/2026\/03\/senado-limite-a-pensiones-de-lujo-175654-1024x576.jpg 1024w, https:\/\/lavozdedelicias.com\/wp-content\/uploads\/2026\/03\/senado-limite-a-pensiones-de-lujo-175654-768x432.jpg 768w, https:\/\/lavozdedelicias.com\/wp-content\/uploads\/2026\/03\/senado-limite-a-pensiones-de-lujo-175654-390x220.jpg 390w, https:\/\/lavozdedelicias.com\/wp-content\/uploads\/2026\/03\/senado-limite-a-pensiones-de-lujo-175654.jpg 1200w\" sizes=\"auto, (max-width: 300px) 100vw, 300px\" \/><\/p>\n","protected":false},"excerpt":{"rendered":"<p>El\u00a0Senado de la Rep\u00fablica\u00a0aprob\u00f3 por\u00a0unanimidad de 116 votos\u00a0una reforma al\u00a0art\u00edculo 127 de la Constituci\u00f3n\u00a0para\u00a0eliminar\u00a0las llamadas \u201cpensiones doradas\u201d\u00a0y establecer como tope\u00a0el 50% del salario de la presidenta de M\u00e9xico\u00a0para estos pagos financiados con recursos p\u00fablicos. La iniciativa, impulsada por la mayor\u00eda legislativa, busca\u00a0evitar pensiones consideradas excesivas dentro del sector p\u00fablico\u00a0y reducir lo que algunos legisladores han &hellip;<\/p>\n","protected":false},"author":2,"featured_media":8310,"comment_status":"open","ping_status":"closed","sticky":false,"template":"","format":"standard","meta":{"footnotes":""},"categories":[28],"tags":[],"class_list":["post-8309","post","type-post","status-publish","format-standard","has-post-thumbnail","hentry","category-nacionales"],"_links":{"self":[{"href":"https:\/\/lavozdedelicias.com\/index.php\/wp-json\/wp\/v2\/posts\/8309","targetHints":{"allow":["GET"]}}],"collection":[{"href":"https:\/\/lavozdedelicias.com\/index.php\/wp-json\/wp\/v2\/posts"}],"about":[{"href":"https:\/\/lavozdedelicias.com\/index.php\/wp-json\/wp\/v2\/types\/post"}],"author":[{"embeddable":true,"href":"https:\/\/lavozdedelicias.com\/index.php\/wp-json\/wp\/v2\/users\/2"}],"replies":[{"embeddable":true,"href":"https:\/\/lavozdedelicias.com\/index.php\/wp-json\/wp\/v2\/comments?post=8309"}],"version-history":[{"count":1,"href":"https:\/\/lavozdedelicias.com\/index.php\/wp-json\/wp\/v2\/posts\/8309\/revisions"}],"predecessor-version":[{"id":8311,"href":"https:\/\/lavozdedelicias.com\/index.php\/wp-json\/wp\/v2\/posts\/8309\/revisions\/8311"}],"wp:featuredmedia":[{"embeddable":true,"href":"https:\/\/lavozdedelicias.com\/index.php\/wp-json\/wp\/v2\/media\/8310"}],"wp:attachment":[{"href":"https:\/\/lavozdedelicias.com\/index.php\/wp-json\/wp\/v2\/media?parent=8309"}],"wp:term":[{"taxonomy":"category","embeddable":true,"href":"https:\/\/lavozdedelicias.com\/index.php\/wp-json\/wp\/v2\/categories?post=8309"},{"taxonomy":"post_tag","embeddable":true,"href":"https:\/\/lavozdedelicias.com\/index.php\/wp-json\/wp\/v2\/tags?post=8309"}],"curies":[{"name":"wp","href":"https:\/\/api.w.org\/{rel}","templated":true}]}}