{"id":7836,"date":"2026-01-29T02:58:53","date_gmt":"2026-01-29T02:58:53","guid":{"rendered":"https:\/\/lavozdedelicias.com\/?p=7836"},"modified":"2026-01-29T02:58:53","modified_gmt":"2026-01-29T02:58:53","slug":"nuevas-imagenes-muestran-a-alex-pretti-golpeando-una-camioneta-federal","status":"publish","type":"post","link":"https:\/\/lavozdedelicias.com\/index.php\/2026\/01\/29\/nuevas-imagenes-muestran-a-alex-pretti-golpeando-una-camioneta-federal\/","title":{"rendered":"Nuevas im\u00e1genes muestran a Alex Pretti golpeando una camioneta federal"},"content":{"rendered":"<p>Un nuevo video difundido en redes sociales muestra los momentos previos a la muerte de\u00a0Alex Pretti, quien fue abatido por agentes federales el\u00a024 de enero de 2026 en Minneapolis, Estados Unidos.<\/p>\n<p>En las im\u00e1genes se observa a Pretti\u00a0pateando la parte trasera de una camioneta oficial, acci\u00f3n que provoc\u00f3 el desprendimiento de una de las luces traseras del veh\u00edculo. Tras el segundo golpe, agentes descendieron de la unidad e intentaron controlarlo, sum\u00e1ndose m\u00e1s elementos al lugar.<\/p>\n<p>Minutos despu\u00e9s ocurri\u00f3 el\u00a0desenlace fatal, cuando los agentes accionaron sus armas de fuego en su contra. El material ha generado debate sobre el uso de la fuerza durante el operativo.<\/p>\n<h2 id=\"h-quien-era-alex-jeffrey-pretti\" class=\"wp-block-heading\">\u00bfQui\u00e9n era Alex Jeffrey Pretti?<\/h2>\n<p>Sus allegados lo describen como un hombre con un \u201cgran coraz\u00f3n\u201d y un profundo sentido de la\u00a0justicia.<\/p>\n<div class=\"code-block code-block-2\">\n<div class=\"truvidPos\">Se desempe\u00f1aba como enfermero de cuidados intensivos en el Departamento de Asuntos de Veteranos de\u00a0Estados Unidos, adem\u00e1s de ser ciudadano estadounidense nacido en Illinois, crecido en Wisconsin y graduado de la Universidad de Minnesota.<\/div>\n<\/div>\n<div class=\"code-block code-block-8\">\n<div class=\"code-block\">Adem\u00e1s, ten\u00eda experiencia en protestas, tras participar en las manifestaciones de 2020 por George Floyd, y recientemente, contra las medidas migratorias del presidente Trump, a las que consideraba \u201cterribles\u201d.<\/div>\n<\/div>\n<p>Tambi\u00e9n se sabe que no ten\u00eda historial criminal, \u00fanicamente infracciones de tr\u00e1nsito menores y, seg\u00fan su padre, \u201c<em>se preocupaba profundamente por la gente y estaba muy molesto con lo que estaba sucediendo con el ICE\u2026 pensaba que era terrible secuestrar ni\u00f1os y agarrar a la gente en la calle<\/em>\u201d.<\/p>\n<p>Hasta la noche del s\u00e1bado, los padres de\u00a0Alex denunciaron\u00a0un bloqueo informativo por parte de las\u00a0agencias federales. Se enteraron de la\u00a0muerte\u00a0de su\u00a0hijo\u00a0a trav\u00e9s de un reportero y tuvieron que confirmar la identidad contactando directamente al\u00a0m\u00e9dico forense\u00a0del condado de\u00a0Hennepin.<\/p>\n<p><img loading=\"lazy\" decoding=\"async\" class=\"alignnone size-medium wp-image-7837\" src=\"https:\/\/lavozdedelicias.com\/wp-content\/uploads\/2026\/01\/segun-video-agente-ya-habia-desarmado-a-alex-pretti-antes-de-que-fuera-baleado-en-minneapolis-235222-300x169.jpg\" alt=\"\" width=\"300\" height=\"169\" srcset=\"https:\/\/lavozdedelicias.com\/wp-content\/uploads\/2026\/01\/segun-video-agente-ya-habia-desarmado-a-alex-pretti-antes-de-que-fuera-baleado-en-minneapolis-235222-300x169.jpg 300w, https:\/\/lavozdedelicias.com\/wp-content\/uploads\/2026\/01\/segun-video-agente-ya-habia-desarmado-a-alex-pretti-antes-de-que-fuera-baleado-en-minneapolis-235222-1024x576.jpg 1024w, https:\/\/lavozdedelicias.com\/wp-content\/uploads\/2026\/01\/segun-video-agente-ya-habia-desarmado-a-alex-pretti-antes-de-que-fuera-baleado-en-minneapolis-235222-768x432.jpg 768w, https:\/\/lavozdedelicias.com\/wp-content\/uploads\/2026\/01\/segun-video-agente-ya-habia-desarmado-a-alex-pretti-antes-de-que-fuera-baleado-en-minneapolis-235222-390x220.jpg 390w, https:\/\/lavozdedelicias.com\/wp-content\/uploads\/2026\/01\/segun-video-agente-ya-habia-desarmado-a-alex-pretti-antes-de-que-fuera-baleado-en-minneapolis-235222.jpg 1200w\" sizes=\"auto, (max-width: 300px) 100vw, 300px\" \/><\/p>\n","protected":false},"excerpt":{"rendered":"<p>Un nuevo video difundido en redes sociales muestra los momentos previos a la muerte de\u00a0Alex Pretti, quien fue abatido por agentes federales el\u00a024 de enero de 2026 en Minneapolis, Estados Unidos. En las im\u00e1genes se observa a Pretti\u00a0pateando la parte trasera de una camioneta oficial, acci\u00f3n que provoc\u00f3 el desprendimiento de una de las luces &hellip;<\/p>\n","protected":false},"author":2,"featured_media":7837,"comment_status":"open","ping_status":"closed","sticky":false,"template":"","format":"standard","meta":{"footnotes":""},"categories":[29],"tags":[],"class_list":["post-7836","post","type-post","status-publish","format-standard","has-post-thumbnail","hentry","category-internacional"],"_links":{"self":[{"href":"https:\/\/lavozdedelicias.com\/index.php\/wp-json\/wp\/v2\/posts\/7836","targetHints":{"allow":["GET"]}}],"collection":[{"href":"https:\/\/lavozdedelicias.com\/index.php\/wp-json\/wp\/v2\/posts"}],"about":[{"href":"https:\/\/lavozdedelicias.com\/index.php\/wp-json\/wp\/v2\/types\/post"}],"author":[{"embeddable":true,"href":"https:\/\/lavozdedelicias.com\/index.php\/wp-json\/wp\/v2\/users\/2"}],"replies":[{"embeddable":true,"href":"https:\/\/lavozdedelicias.com\/index.php\/wp-json\/wp\/v2\/comments?post=7836"}],"version-history":[{"count":1,"href":"https:\/\/lavozdedelicias.com\/index.php\/wp-json\/wp\/v2\/posts\/7836\/revisions"}],"predecessor-version":[{"id":7838,"href":"https:\/\/lavozdedelicias.com\/index.php\/wp-json\/wp\/v2\/posts\/7836\/revisions\/7838"}],"wp:featuredmedia":[{"embeddable":true,"href":"https:\/\/lavozdedelicias.com\/index.php\/wp-json\/wp\/v2\/media\/7837"}],"wp:attachment":[{"href":"https:\/\/lavozdedelicias.com\/index.php\/wp-json\/wp\/v2\/media?parent=7836"}],"wp:term":[{"taxonomy":"category","embeddable":true,"href":"https:\/\/lavozdedelicias.com\/index.php\/wp-json\/wp\/v2\/categories?post=7836"},{"taxonomy":"post_tag","embeddable":true,"href":"https:\/\/lavozdedelicias.com\/index.php\/wp-json\/wp\/v2\/tags?post=7836"}],"curies":[{"name":"wp","href":"https:\/\/api.w.org\/{rel}","templated":true}]}}