{"id":7785,"date":"2026-01-27T01:58:49","date_gmt":"2026-01-27T01:58:49","guid":{"rendered":"https:\/\/lavozdedelicias.com\/?p=7785"},"modified":"2026-01-27T01:58:49","modified_gmt":"2026-01-27T01:58:49","slug":"no-habra-impunidad-afirma-gobernador-de-michoacan-sobre-asesinato-de-familia-de-interpretes","status":"publish","type":"post","link":"https:\/\/lavozdedelicias.com\/index.php\/2026\/01\/27\/no-habra-impunidad-afirma-gobernador-de-michoacan-sobre-asesinato-de-familia-de-interpretes\/","title":{"rendered":"\u201cNo habr\u00e1 impunidad\u201d: afirma gobernador de Michoac\u00e1n sobre asesinato de familia de int\u00e9rpretes"},"content":{"rendered":"<p>\u201cNo habr\u00e1 impunidad\u201d en el caso de la familia de int\u00e9rpretes de lengua de se\u00f1as asesinada en Morelia, se comprometi\u00f3 el gobernador de\u00a0Michoac\u00e1n,\u00a0Alfredo Ram\u00edrez Bedolla.<\/p>\n<p>Al ser cuestionado sobre el m\u00f3vil del crimen, el mandatario estatal detall\u00f3 que detr\u00e1s del triple homicidio de V\u00edctor Manuel,\u00a0Anayeli y la hija de ambos, Megan, de 12 a\u00f1os,\u00a0hay un \u201ctema familiar\u201d y record\u00f3 que, por este caso, ya hay una persona detenida vinculada a proceso.<\/p>\n<p>\u201cEst\u00e1 en la Fiscal\u00eda trabajando arduamente para dar con otra, u otras detenciones que se sabe, no actu\u00f3 solo esta persona que result\u00f3 ser un familiar de una de las v\u00edctimas. No va a quedar impune, ya hay un detenido y hay elementos suficientes s\u00f3lo estamos a la espera de que se haga la audiencia ante el juez, pero no quedar\u00e1 impune, estamos tras las pistas, es un tema, es un se\u00f1or de los que denominan, pues, es un tema familiar, lo que todas las investigaciones est\u00e1n arrojando\u201d.<\/p>\n<ul class=\"wp-block-list\">\n<li>Comparti\u00f3 que conoci\u00f3 a las v\u00edctimas, quienes\u00a0laboraban como int\u00e9rpretes de lengua de se\u00f1as mexicanas en el Congreso del Estado,\u00a0pero, tambi\u00e9n, prestaban sus servicios a otras instituciones\u00a0p\u00fablicas y privadas.<\/li>\n<\/ul>\n<p>El gobernador lament\u00f3 y conden\u00f3 este hecho, y reconoci\u00f3 la labor y coordinaci\u00f3n de la\u00a0Fiscal\u00eda General del Estado (FGE),\u00a0la Secretar\u00eda de Seguridad P\u00fablica de Michoac\u00e1n (SSP) y la Secretar\u00eda de Seguridad y Protecci\u00f3n Ciudadana (SSPC) para dar con el presunto responsable y buscar a los otros part\u00edcipes.<\/p>\n<p><img loading=\"lazy\" decoding=\"async\" class=\"alignnone size-medium wp-image-7786\" src=\"https:\/\/lavozdedelicias.com\/wp-content\/uploads\/2026\/01\/no-habra-impunidad-afirma-gobernador-de-michoacan-sobre-asesinato-de-familia-de-interpretes-142601-300x169.jpg\" alt=\"\" width=\"300\" height=\"169\" srcset=\"https:\/\/lavozdedelicias.com\/wp-content\/uploads\/2026\/01\/no-habra-impunidad-afirma-gobernador-de-michoacan-sobre-asesinato-de-familia-de-interpretes-142601-300x169.jpg 300w, https:\/\/lavozdedelicias.com\/wp-content\/uploads\/2026\/01\/no-habra-impunidad-afirma-gobernador-de-michoacan-sobre-asesinato-de-familia-de-interpretes-142601-1024x576.jpg 1024w, https:\/\/lavozdedelicias.com\/wp-content\/uploads\/2026\/01\/no-habra-impunidad-afirma-gobernador-de-michoacan-sobre-asesinato-de-familia-de-interpretes-142601-768x432.jpg 768w, https:\/\/lavozdedelicias.com\/wp-content\/uploads\/2026\/01\/no-habra-impunidad-afirma-gobernador-de-michoacan-sobre-asesinato-de-familia-de-interpretes-142601-390x220.jpg 390w, https:\/\/lavozdedelicias.com\/wp-content\/uploads\/2026\/01\/no-habra-impunidad-afirma-gobernador-de-michoacan-sobre-asesinato-de-familia-de-interpretes-142601.jpg 1200w\" sizes=\"auto, (max-width: 300px) 100vw, 300px\" \/><\/p>\n","protected":false},"excerpt":{"rendered":"<p>\u201cNo habr\u00e1 impunidad\u201d en el caso de la familia de int\u00e9rpretes de lengua de se\u00f1as asesinada en Morelia, se comprometi\u00f3 el gobernador de\u00a0Michoac\u00e1n,\u00a0Alfredo Ram\u00edrez Bedolla. Al ser cuestionado sobre el m\u00f3vil del crimen, el mandatario estatal detall\u00f3 que detr\u00e1s del triple homicidio de V\u00edctor Manuel,\u00a0Anayeli y la hija de ambos, Megan, de 12 a\u00f1os,\u00a0hay un &hellip;<\/p>\n","protected":false},"author":2,"featured_media":7786,"comment_status":"open","ping_status":"closed","sticky":false,"template":"","format":"standard","meta":{"footnotes":""},"categories":[28],"tags":[],"class_list":["post-7785","post","type-post","status-publish","format-standard","has-post-thumbnail","hentry","category-nacionales"],"_links":{"self":[{"href":"https:\/\/lavozdedelicias.com\/index.php\/wp-json\/wp\/v2\/posts\/7785","targetHints":{"allow":["GET"]}}],"collection":[{"href":"https:\/\/lavozdedelicias.com\/index.php\/wp-json\/wp\/v2\/posts"}],"about":[{"href":"https:\/\/lavozdedelicias.com\/index.php\/wp-json\/wp\/v2\/types\/post"}],"author":[{"embeddable":true,"href":"https:\/\/lavozdedelicias.com\/index.php\/wp-json\/wp\/v2\/users\/2"}],"replies":[{"embeddable":true,"href":"https:\/\/lavozdedelicias.com\/index.php\/wp-json\/wp\/v2\/comments?post=7785"}],"version-history":[{"count":1,"href":"https:\/\/lavozdedelicias.com\/index.php\/wp-json\/wp\/v2\/posts\/7785\/revisions"}],"predecessor-version":[{"id":7787,"href":"https:\/\/lavozdedelicias.com\/index.php\/wp-json\/wp\/v2\/posts\/7785\/revisions\/7787"}],"wp:featuredmedia":[{"embeddable":true,"href":"https:\/\/lavozdedelicias.com\/index.php\/wp-json\/wp\/v2\/media\/7786"}],"wp:attachment":[{"href":"https:\/\/lavozdedelicias.com\/index.php\/wp-json\/wp\/v2\/media?parent=7785"}],"wp:term":[{"taxonomy":"category","embeddable":true,"href":"https:\/\/lavozdedelicias.com\/index.php\/wp-json\/wp\/v2\/categories?post=7785"},{"taxonomy":"post_tag","embeddable":true,"href":"https:\/\/lavozdedelicias.com\/index.php\/wp-json\/wp\/v2\/tags?post=7785"}],"curies":[{"name":"wp","href":"https:\/\/api.w.org\/{rel}","templated":true}]}}