{"id":7608,"date":"2026-01-20T03:31:55","date_gmt":"2026-01-20T03:31:55","guid":{"rendered":"https:\/\/lavozdedelicias.com\/?p=7608"},"modified":"2026-01-20T03:31:55","modified_gmt":"2026-01-20T03:31:55","slug":"noruega-responde-a-trump-defiende-a-dinamarca-y-le-recuerda-quien-otorga-nobel-de-la-paz","status":"publish","type":"post","link":"https:\/\/lavozdedelicias.com\/index.php\/2026\/01\/20\/noruega-responde-a-trump-defiende-a-dinamarca-y-le-recuerda-quien-otorga-nobel-de-la-paz\/","title":{"rendered":"Noruega responde a Trump: defiende a Dinamarca y le recuerda qui\u00e9n otorga Nobel de la Paz"},"content":{"rendered":"<p>El\u00a0primer ministro de Noruega,\u00a0Jonas Gahr St\u00f8re,\u00a0respondi\u00f3 al presidente de Estados Unidos,\u00a0Donald Trump, luego de que el republicano asegurara no sentirse obligado a pensar\u00a0\u201cs\u00f3lo en la paz\u201d,\u00a0despu\u00e9s de que no se le concediera el\u00a0correspondiente premio Nobel.<\/p>\n<p>A trav\u00e9s de un mensaje,\u00a0Jonas Gahr St\u00f8re\u00a0reiter\u00f3 que la\u00a0\u201cposici\u00f3n de Noruega sobre Groenlandia es clara. Groenlandia es parte del Reino de Dinamarca, y Noruega apoya plenamente al Reino de Dinamarca en este asunto\u201d.<\/p>\n<p><em>\u201cTambi\u00e9n apoyamos que la OTAN de manera responsable est\u00e9 tomando medidas para fortalecer la seguridad y la estabilidad en el \u00c1rtico\u201d, destac\u00f3 el mensaje del primer ministro de Noruega, Jonas Gahr St\u00f8re, en respuesta a Trump.<\/em><\/p>\n<p>Adem\u00e1s, destac\u00f3 que hab\u00eda enviado un mensaje al republicano en donde expres\u00f3 su oposici\u00f3n al aumento de aranceles y pidieron\u00a0reducir la escalada comercial.<\/p>\n<div class=\"code-block code-block-2\">\n<div class=\"truvidPos\">En el mensaje, el primer ministro de Noruega\u00a0propuso a\u00a0Donald Trump\u00a0una conversaci\u00f3n telef\u00f3nica en la que se incluyera, tambi\u00e9n, al presidente de\u00a0Finlandia,\u00a0Alexander Stubb.<\/div>\n<\/div>\n<div class=\"code-block code-block-8\">\n<div><\/div>\n<div class=\"code-block\"><span style=\"font-size: 24px;\">Aclaraci\u00f3n sobre el Premio Nobel de la Paz<\/span><\/div>\n<\/div>\n<p>En su mensaje,\u00a0Jonas Gahr St\u00f8re\u00a0tambi\u00e9n se refiri\u00f3 al\u00a0Premio Nobel de la Paz, luego de que el tema fuera mencionado en el intercambio con\u00a0Trump. El primer ministro record\u00f3 que este galard\u00f3n\u00a0no lo otorga el Gobierno de Noruega, sino un\u00a0Comit\u00e9 Nobel independiente.<\/p>\n<p><em>\u201cEn cuanto al Premio Nobel de la Paz, he explicado claramente, incluyendo al presidente Trump lo que es bien conocido, el premio es otorgado por un Comit\u00e9 Nobel independiente y no por el Gobierno de Noruega\u201d,\u00a0<\/em><em>concluyo el texto del primer ministro de Noruega.<\/em><\/p>\n<p><img loading=\"lazy\" decoding=\"async\" class=\"alignnone size-medium wp-image-7609\" src=\"https:\/\/lavozdedelicias.com\/wp-content\/uploads\/2026\/01\/afp-primer-minitro-de-noruega-185620-300x169.jpg\" alt=\"\" width=\"300\" height=\"169\" srcset=\"https:\/\/lavozdedelicias.com\/wp-content\/uploads\/2026\/01\/afp-primer-minitro-de-noruega-185620-300x169.jpg 300w, https:\/\/lavozdedelicias.com\/wp-content\/uploads\/2026\/01\/afp-primer-minitro-de-noruega-185620-1024x576.jpg 1024w, https:\/\/lavozdedelicias.com\/wp-content\/uploads\/2026\/01\/afp-primer-minitro-de-noruega-185620-768x432.jpg 768w, https:\/\/lavozdedelicias.com\/wp-content\/uploads\/2026\/01\/afp-primer-minitro-de-noruega-185620-390x220.jpg 390w, https:\/\/lavozdedelicias.com\/wp-content\/uploads\/2026\/01\/afp-primer-minitro-de-noruega-185620.jpg 1200w\" sizes=\"auto, (max-width: 300px) 100vw, 300px\" \/><\/p>\n","protected":false},"excerpt":{"rendered":"<p>El\u00a0primer ministro de Noruega,\u00a0Jonas Gahr St\u00f8re,\u00a0respondi\u00f3 al presidente de Estados Unidos,\u00a0Donald Trump, luego de que el republicano asegurara no sentirse obligado a pensar\u00a0\u201cs\u00f3lo en la paz\u201d,\u00a0despu\u00e9s de que no se le concediera el\u00a0correspondiente premio Nobel. A trav\u00e9s de un mensaje,\u00a0Jonas Gahr St\u00f8re\u00a0reiter\u00f3 que la\u00a0\u201cposici\u00f3n de Noruega sobre Groenlandia es clara. Groenlandia es parte del Reino &hellip;<\/p>\n","protected":false},"author":2,"featured_media":7609,"comment_status":"open","ping_status":"closed","sticky":false,"template":"","format":"standard","meta":{"footnotes":""},"categories":[29],"tags":[],"class_list":["post-7608","post","type-post","status-publish","format-standard","has-post-thumbnail","hentry","category-internacional"],"_links":{"self":[{"href":"https:\/\/lavozdedelicias.com\/index.php\/wp-json\/wp\/v2\/posts\/7608","targetHints":{"allow":["GET"]}}],"collection":[{"href":"https:\/\/lavozdedelicias.com\/index.php\/wp-json\/wp\/v2\/posts"}],"about":[{"href":"https:\/\/lavozdedelicias.com\/index.php\/wp-json\/wp\/v2\/types\/post"}],"author":[{"embeddable":true,"href":"https:\/\/lavozdedelicias.com\/index.php\/wp-json\/wp\/v2\/users\/2"}],"replies":[{"embeddable":true,"href":"https:\/\/lavozdedelicias.com\/index.php\/wp-json\/wp\/v2\/comments?post=7608"}],"version-history":[{"count":1,"href":"https:\/\/lavozdedelicias.com\/index.php\/wp-json\/wp\/v2\/posts\/7608\/revisions"}],"predecessor-version":[{"id":7610,"href":"https:\/\/lavozdedelicias.com\/index.php\/wp-json\/wp\/v2\/posts\/7608\/revisions\/7610"}],"wp:featuredmedia":[{"embeddable":true,"href":"https:\/\/lavozdedelicias.com\/index.php\/wp-json\/wp\/v2\/media\/7609"}],"wp:attachment":[{"href":"https:\/\/lavozdedelicias.com\/index.php\/wp-json\/wp\/v2\/media?parent=7608"}],"wp:term":[{"taxonomy":"category","embeddable":true,"href":"https:\/\/lavozdedelicias.com\/index.php\/wp-json\/wp\/v2\/categories?post=7608"},{"taxonomy":"post_tag","embeddable":true,"href":"https:\/\/lavozdedelicias.com\/index.php\/wp-json\/wp\/v2\/tags?post=7608"}],"curies":[{"name":"wp","href":"https:\/\/api.w.org\/{rel}","templated":true}]}}