{"id":7449,"date":"2026-01-15T03:32:53","date_gmt":"2026-01-15T03:32:53","guid":{"rendered":"https:\/\/lavozdedelicias.com\/?p=7449"},"modified":"2026-01-15T03:32:53","modified_gmt":"2026-01-15T03:32:53","slug":"consolida-delicias-alianza-con-la-tribu-para-fortalecer-el-desarrollo-juvenil","status":"publish","type":"post","link":"https:\/\/lavozdedelicias.com\/index.php\/2026\/01\/15\/consolida-delicias-alianza-con-la-tribu-para-fortalecer-el-desarrollo-juvenil\/","title":{"rendered":"Consolida Delicias alianza con La Tribu para fortalecer el desarrollo juvenil"},"content":{"rendered":"<p>Delicias es pionero en el estado al implementar el programa La Tribu, tras la firma de un convenio de colaboraci\u00f3n entre el Gobierno Municipal y esta asociaci\u00f3n, con el objetivo de brindar acompa\u00f1amiento integral a las y los j\u00f3venes, priorizando la prevenci\u00f3n, la salud mental y la creaci\u00f3n de oportunidades reales para quienes se encuentran en contextos de vulnerabilidad.<\/p>\n<p>La firma del convenio fue encabezada por el presidente municipal Jes\u00fas Valenciano Garc\u00eda, acompa\u00f1ado por el director del Deporte y la Juventud del Instituto Municipal del Deporte y la Juventud, Miguel Aguirre; el diputado local Roberto Carre\u00f3n, as\u00ed como representantes de La Tribu, quienes coincidieron en la importancia de sumar esfuerzos en favor de la juventud del municipio.<\/p>\n<p>Durante su mensaje, el alcalde Jes\u00fas Valenciano Garc\u00eda destac\u00f3 que Delicias ya viene trabajando en este mismo sentido a trav\u00e9s de programas como Generaciones Fuertes, M\u00e9xico a trav\u00e9s del Arte y diversas actividades impulsadas por el Instituto Municipal del Deporte y la Juventud, acciones que han permitido atender de manera integral a las y los j\u00f3venes y sentar bases s\u00f3lidas para su desarrollo.<\/p>\n<p>El mensaje y los detalles del programa estuvieron a cargo de Martha Barriga, gerente del Programa La Tribu, quien explic\u00f3 que esta estrategia tendr\u00e1 una duraci\u00f3n de seis meses y llegar\u00e1 a colonias como Cumbres del Deporte, Laderas del Norte y zonas aleda\u00f1as al Parque Vida, donde se detectaron \u00e1reas de oportunidad. A\u00f1adi\u00f3 que el programa contempla no solo deporte y talleres, sino tambi\u00e9n atenci\u00f3n a la salud mental, escucha activa y la detecci\u00f3n de talentos deportivos y art\u00edsticos para integrarlos a los programas municipales.<\/p>\n<p>Finalmente, se resalt\u00f3 que este convenio fortalece el trabajo que ya se realiza en la actual administraci\u00f3n municipal en materia de prevenci\u00f3n y atenci\u00f3n a la juventud. Las autoridades agradecieron la confianza de La Tribu en Delicias y reiteraron el mensaje a las y los j\u00f3venes de que no est\u00e1n solos, y que el Gobierno Municipal continuar\u00e1 invirtiendo en su presente y su futuro para construir comunidades m\u00e1s fuertes y con mayores oportunidades.<\/p>\n<p><img loading=\"lazy\" decoding=\"async\" class=\"alignnone size-medium wp-image-7450\" src=\"https:\/\/lavozdedelicias.com\/wp-content\/uploads\/2026\/01\/WhatsApp-Image-2026-01-14-at-5.44.33-PM-300x225.jpeg\" alt=\"\" width=\"300\" height=\"225\" srcset=\"https:\/\/lavozdedelicias.com\/wp-content\/uploads\/2026\/01\/WhatsApp-Image-2026-01-14-at-5.44.33-PM-300x225.jpeg 300w, https:\/\/lavozdedelicias.com\/wp-content\/uploads\/2026\/01\/WhatsApp-Image-2026-01-14-at-5.44.33-PM-1024x768.jpeg 1024w, https:\/\/lavozdedelicias.com\/wp-content\/uploads\/2026\/01\/WhatsApp-Image-2026-01-14-at-5.44.33-PM-768x576.jpeg 768w, https:\/\/lavozdedelicias.com\/wp-content\/uploads\/2026\/01\/WhatsApp-Image-2026-01-14-at-5.44.33-PM.jpeg 1280w\" sizes=\"auto, (max-width: 300px) 100vw, 300px\" \/><\/p>\n","protected":false},"excerpt":{"rendered":"<p>Delicias es pionero en el estado al implementar el programa La Tribu, tras la firma de un convenio de colaboraci\u00f3n entre el Gobierno Municipal y esta asociaci\u00f3n, con el objetivo de brindar acompa\u00f1amiento integral a las y los j\u00f3venes, priorizando la prevenci\u00f3n, la salud mental y la creaci\u00f3n de oportunidades reales para quienes se encuentran &hellip;<\/p>\n","protected":false},"author":2,"featured_media":7450,"comment_status":"open","ping_status":"closed","sticky":false,"template":"","format":"standard","meta":{"footnotes":""},"categories":[23],"tags":[],"class_list":["post-7449","post","type-post","status-publish","format-standard","has-post-thumbnail","hentry","category-delicias"],"_links":{"self":[{"href":"https:\/\/lavozdedelicias.com\/index.php\/wp-json\/wp\/v2\/posts\/7449","targetHints":{"allow":["GET"]}}],"collection":[{"href":"https:\/\/lavozdedelicias.com\/index.php\/wp-json\/wp\/v2\/posts"}],"about":[{"href":"https:\/\/lavozdedelicias.com\/index.php\/wp-json\/wp\/v2\/types\/post"}],"author":[{"embeddable":true,"href":"https:\/\/lavozdedelicias.com\/index.php\/wp-json\/wp\/v2\/users\/2"}],"replies":[{"embeddable":true,"href":"https:\/\/lavozdedelicias.com\/index.php\/wp-json\/wp\/v2\/comments?post=7449"}],"version-history":[{"count":1,"href":"https:\/\/lavozdedelicias.com\/index.php\/wp-json\/wp\/v2\/posts\/7449\/revisions"}],"predecessor-version":[{"id":7451,"href":"https:\/\/lavozdedelicias.com\/index.php\/wp-json\/wp\/v2\/posts\/7449\/revisions\/7451"}],"wp:featuredmedia":[{"embeddable":true,"href":"https:\/\/lavozdedelicias.com\/index.php\/wp-json\/wp\/v2\/media\/7450"}],"wp:attachment":[{"href":"https:\/\/lavozdedelicias.com\/index.php\/wp-json\/wp\/v2\/media?parent=7449"}],"wp:term":[{"taxonomy":"category","embeddable":true,"href":"https:\/\/lavozdedelicias.com\/index.php\/wp-json\/wp\/v2\/categories?post=7449"},{"taxonomy":"post_tag","embeddable":true,"href":"https:\/\/lavozdedelicias.com\/index.php\/wp-json\/wp\/v2\/tags?post=7449"}],"curies":[{"name":"wp","href":"https:\/\/api.w.org\/{rel}","templated":true}]}}