{"id":7416,"date":"2026-01-15T02:45:23","date_gmt":"2026-01-15T02:45:23","guid":{"rendered":"https:\/\/lavozdedelicias.com\/?p=7416"},"modified":"2026-01-15T02:45:23","modified_gmt":"2026-01-15T02:45:23","slug":"liberan-a-exrector-de-la-uac-tras-48-horas-detenido-por-presunta-posesion-de-drogas","status":"publish","type":"post","link":"https:\/\/lavozdedelicias.com\/index.php\/2026\/01\/15\/liberan-a-exrector-de-la-uac-tras-48-horas-detenido-por-presunta-posesion-de-drogas\/","title":{"rendered":"Liberan a exrector de la UAC tras 48 horas detenido por presunta posesi\u00f3n de drogas"},"content":{"rendered":"<p>Luego de permanecer\u00a0m\u00e1s de 48 horas detenido por presunta posesi\u00f3n de drogas, el\u00a0exrector de la Universidad Aut\u00f3noma de Campeche (UAC), Jos\u00e9 Alberto Abud Flores, obtuvo su libertad la tarde de este mi\u00e9rcoles.<\/p>\n<p>Durante la ma\u00f1ana se llev\u00f3 a cabo la\u00a0primera audiencia, en la que el juez del caso determin\u00f3 decretar\u00a0auto de libertad, al considerar que no exist\u00edan elementos suficientes para mantenerlo detenido.<\/p>\n<h2 id=\"h-primeras-palabras-tras-su-liberacion\" class=\"wp-block-heading\">Primeras palabras tras su liberaci\u00f3n<\/h2>\n<p>A su salida de la\u00a0Sala de Juicios Orales, Jos\u00e9\u00a0Alberto\u00a0Abud\u00a0Flores agradeci\u00f3 a\u00a0quienes\u00a0lo\u00a0acompa\u00f1aron\u00a0y asegur\u00f3 que continuar\u00e1 defendiendo su situaci\u00f3n legal.<\/p>\n<p>\u201cMuch\u00edsimas gracias\u2026 vamos a luchar por las libertades\u201d, expres\u00f3 el\u00a0exrector\u00a0tras\u00a0recuperar\u00a0su\u00a0libertad.<\/p>\n<h2 id=\"h-por-que-fue-detenido-el-rector-jose-abud-flores\" class=\"wp-block-heading\">\u00bfPor qu\u00e9 fue detenido el rector Jos\u00e9 Abud Flores?<\/h2>\n<p>De acuerdo con informaci\u00f3n oficial previa,\u00a0Jos\u00e9\u00a0Alberto\u00a0Abud Flores\u00a0fue detenido por\u00a0posesi\u00f3n simple de droga, cuando se encontraba\u00a0dentro\u00a0de una\u00a0camioneta.<\/p>\n<div class=\"code-block code-block-2\">\n<div class=\"truvidPos\">El fiscal general del estado de Campeche, Jackson Villacis Rosado, inform\u00f3 que las autoridades recibieron un reporte sobre\u00a0personas armadas que circulaban en una camioneta.<\/div>\n<\/div>\n<div class=\"code-block code-block-8\">\n<div class=\"code-block\">\u201cCuando se estaba verificando la unidad para descartar que tuviera reporte de robo, se percatan de que la tarjeta es de la Universidad Aut\u00f3noma\u00a0de\u00a0Campeche, la unidad, y de ah\u00ed tenemos a una persona con iniciales \u2018A\u2019. Es posesi\u00f3n simple el tema\u201d, explic\u00f3 el fiscal.<\/div>\n<\/div>\n<h2 id=\"h-destitucion-como-rector-de-la-uac\" class=\"wp-block-heading\">Destituci\u00f3n como rector de la UAC<\/h2>\n<p>Horas despu\u00e9s de que se dio a conocer su detenci\u00f3n, el\u00a0Consejo Universitario de la Universidad Aut\u00f3noma de Campeche\u00a0analiz\u00f3 el caso y aprob\u00f3 su\u00a0remoci\u00f3n como rector.<\/p>\n<p>La destituci\u00f3n se formaliz\u00f3\u00a0tras una sesi\u00f3n extraordinaria del \u00f3rgano universitario, en la que se determin\u00f3 separarlo del cargo ante la investigaci\u00f3n en curso.<\/p>\n<p>Posteriormente, durante la madrugada, el Consejo Universitario design\u00f3 a\u00a0Fanny Guillermo Maldonado\u00a0como\u00a0nueva rectora\u00a0de la instituci\u00f3n. M\u00e1s tarde, la\u00a0Universidad Aut\u00f3noma\u00a0de\u00a0Campeche\u00a0difundi\u00f3 un mensaje institucional en sus cuentas oficiales para\u00a0darle la bienvenida y felicitarla\u00a0por su nombramiento.<\/p>\n<p><img loading=\"lazy\" decoding=\"async\" class=\"alignnone size-medium wp-image-7417\" src=\"https:\/\/lavozdedelicias.com\/wp-content\/uploads\/2026\/01\/rector-campeche-135345-300x169.jpg\" alt=\"\" width=\"300\" height=\"169\" srcset=\"https:\/\/lavozdedelicias.com\/wp-content\/uploads\/2026\/01\/rector-campeche-135345-300x169.jpg 300w, https:\/\/lavozdedelicias.com\/wp-content\/uploads\/2026\/01\/rector-campeche-135345-1024x576.jpg 1024w, https:\/\/lavozdedelicias.com\/wp-content\/uploads\/2026\/01\/rector-campeche-135345-768x432.jpg 768w, https:\/\/lavozdedelicias.com\/wp-content\/uploads\/2026\/01\/rector-campeche-135345-390x220.jpg 390w, https:\/\/lavozdedelicias.com\/wp-content\/uploads\/2026\/01\/rector-campeche-135345.jpg 1200w\" sizes=\"auto, (max-width: 300px) 100vw, 300px\" \/><\/p>\n","protected":false},"excerpt":{"rendered":"<p>Luego de permanecer\u00a0m\u00e1s de 48 horas detenido por presunta posesi\u00f3n de drogas, el\u00a0exrector de la Universidad Aut\u00f3noma de Campeche (UAC), Jos\u00e9 Alberto Abud Flores, obtuvo su libertad la tarde de este mi\u00e9rcoles. Durante la ma\u00f1ana se llev\u00f3 a cabo la\u00a0primera audiencia, en la que el juez del caso determin\u00f3 decretar\u00a0auto de libertad, al considerar que &hellip;<\/p>\n","protected":false},"author":2,"featured_media":7417,"comment_status":"open","ping_status":"closed","sticky":false,"template":"","format":"standard","meta":{"footnotes":""},"categories":[28],"tags":[],"class_list":["post-7416","post","type-post","status-publish","format-standard","has-post-thumbnail","hentry","category-nacionales"],"_links":{"self":[{"href":"https:\/\/lavozdedelicias.com\/index.php\/wp-json\/wp\/v2\/posts\/7416","targetHints":{"allow":["GET"]}}],"collection":[{"href":"https:\/\/lavozdedelicias.com\/index.php\/wp-json\/wp\/v2\/posts"}],"about":[{"href":"https:\/\/lavozdedelicias.com\/index.php\/wp-json\/wp\/v2\/types\/post"}],"author":[{"embeddable":true,"href":"https:\/\/lavozdedelicias.com\/index.php\/wp-json\/wp\/v2\/users\/2"}],"replies":[{"embeddable":true,"href":"https:\/\/lavozdedelicias.com\/index.php\/wp-json\/wp\/v2\/comments?post=7416"}],"version-history":[{"count":1,"href":"https:\/\/lavozdedelicias.com\/index.php\/wp-json\/wp\/v2\/posts\/7416\/revisions"}],"predecessor-version":[{"id":7418,"href":"https:\/\/lavozdedelicias.com\/index.php\/wp-json\/wp\/v2\/posts\/7416\/revisions\/7418"}],"wp:featuredmedia":[{"embeddable":true,"href":"https:\/\/lavozdedelicias.com\/index.php\/wp-json\/wp\/v2\/media\/7417"}],"wp:attachment":[{"href":"https:\/\/lavozdedelicias.com\/index.php\/wp-json\/wp\/v2\/media?parent=7416"}],"wp:term":[{"taxonomy":"category","embeddable":true,"href":"https:\/\/lavozdedelicias.com\/index.php\/wp-json\/wp\/v2\/categories?post=7416"},{"taxonomy":"post_tag","embeddable":true,"href":"https:\/\/lavozdedelicias.com\/index.php\/wp-json\/wp\/v2\/tags?post=7416"}],"curies":[{"name":"wp","href":"https:\/\/api.w.org\/{rel}","templated":true}]}}