{"id":7397,"date":"2026-01-15T02:05:26","date_gmt":"2026-01-15T02:05:26","guid":{"rendered":"https:\/\/lavozdedelicias.com\/?p=7397"},"modified":"2026-01-15T02:05:26","modified_gmt":"2026-01-15T02:05:26","slug":"trump-habla-con-delcy-rodriguez-y-afirma-que-relacion-con-venezuela-va-muy-bien","status":"publish","type":"post","link":"https:\/\/lavozdedelicias.com\/index.php\/2026\/01\/15\/trump-habla-con-delcy-rodriguez-y-afirma-que-relacion-con-venezuela-va-muy-bien\/","title":{"rendered":"Trump habla con Delcy Rodr\u00edguez y afirma que relaci\u00f3n con Venezuela \u201cva muy bien\u201d"},"content":{"rendered":"<p>Donald\u00a0Trump\u00a0afirm\u00f3 que habl\u00f3 con la\u00a0presidenta interina de Venezuela, Delcy Rodr\u00edguez, y asegur\u00f3 que la relaci\u00f3n bilateral \u201canda muy bien\u201d. El mandatario de\u00a0Estados Unidos\u00a0dijo que fue una llamada larga y positiva, en un contexto de\u00a0cambios pol\u00edticos en Caracas tras el derrocamiento de\u00a0Nicol\u00e1s Maduro.<\/p>\n<p>La conversaci\u00f3n ocurre antes de que\u00a0Trump\u00a0reciba en la\u00a0Casa Blanca\u00a0a la l\u00edder opositora\u00a0Mar\u00eda Corina Machado, y mientras Washington define su relaci\u00f3n con el nuevo gobierno interino venezolano, encabezado por\u00a0Rodr\u00edguez\u00a0desde el 3 de enero.<\/p>\n<h2 id=\"h-trump-y-delcy-rodriguez-hablan-de-venezuela-y-relacion-bilateral\" class=\"wp-block-heading\">Trump y Delcy Rodr\u00edguez hablan de Venezuela y relaci\u00f3n bilateral<\/h2>\n<p>El presidente estadounidense inform\u00f3 que sostuvo \u201cuna larga llamada\u201d con\u00a0Delcy Rodr\u00edguez, a quien calific\u00f3 como \u201cuna persona formidable\u201d. Dijo que discutieron \u201cun mont\u00f3n de cosas\u201d y que, tras la conversaci\u00f3n, considera que todo \u201canda muy bien\u201d con\u00a0Venezuela.<\/p>\n<p>Cuestionado sobre posibles resistencias internas en el gobierno venezolano, en referencia al ministro del Interior\u00a0Diosdado Cabello,\u00a0Trump\u00a0evit\u00f3 responder de forma directa. \u201cYo conozco a la n\u00famero uno\u201d, afirm\u00f3, en alusi\u00f3n a\u00a0Rodr\u00edguez. A\u00f1adi\u00f3 que el secretario de Estado,\u00a0Marco Rubio, mantiene negociaciones con ella.<\/p>\n<div class=\"code-block code-block-2\">\n<div class=\"truvidPos\">El mandatario tambi\u00e9n se\u00f1al\u00f3 que sigue de cerca los asuntos venezolanos luego de la operaci\u00f3n militar que termin\u00f3 con el derrocamiento de Nicol\u00e1s Maduro\u00a0en Caracas.<\/div>\n<\/div>\n<div class=\"code-block code-block-8\">\n<div class=\"code-block\">Presidenta interina de Venezuela califica llamada como productiva<\/div>\n<\/div>\n<p>Desde Caracas,\u00a0Delcy Rodr\u00edguez\u00a0confirm\u00f3 la llamada y la describi\u00f3 como \u201clarga, productiva y cort\u00e9s\u201d. En un mensaje publicado en su cuenta de Telegram, se\u00f1al\u00f3 que la conversaci\u00f3n se desarroll\u00f3 en un marco de \u201crespeto mutuo\u201d.<\/p>\n<p>La\u00a0presidenta interina de Venezuela\u00a0explic\u00f3 que abordaron una agenda de trabajo bilateral en beneficio de ambos pueblos, as\u00ed como asuntos pendientes en la relaci\u00f3n entre los dos gobiernos. En una breve declaraci\u00f3n posterior, afirm\u00f3 que\u00a0Venezuela\u00a0\u201cse abre a un nuevo momento pol\u00edtico\u201d.<\/p>\n<p>Rodr\u00edguez asumi\u00f3 el poder tras la captura y el derrocamiento de\u00a0Nicol\u00e1s Maduro\u00a0el 3 de enero durante un bombardeo estadounidense en Caracas. En su mensaje, no mencion\u00f3 la situaci\u00f3n de su antecesor, a quien previamente hab\u00eda descrito como \u201csecuestrado\u201d.<\/p>\n<p>La Casa Blanca no ha detallado los acuerdos alcanzados, mientras se espera la reuni\u00f3n entre\u00a0Trump\u00a0y\u00a0Mar\u00eda Corina Machado\u00a0en los pr\u00f3ximos d\u00edas.<\/p>\n<p><img loading=\"lazy\" decoding=\"async\" class=\"alignnone size-medium wp-image-7398\" src=\"https:\/\/lavozdedelicias.com\/wp-content\/uploads\/2026\/01\/trump-dispuesto-a-reunirse-con-delcy-rodriguez-se-autonombra-presidente-interino-de-venezuela-220940-300x169.jpg\" alt=\"\" width=\"300\" height=\"169\" srcset=\"https:\/\/lavozdedelicias.com\/wp-content\/uploads\/2026\/01\/trump-dispuesto-a-reunirse-con-delcy-rodriguez-se-autonombra-presidente-interino-de-venezuela-220940-300x169.jpg 300w, https:\/\/lavozdedelicias.com\/wp-content\/uploads\/2026\/01\/trump-dispuesto-a-reunirse-con-delcy-rodriguez-se-autonombra-presidente-interino-de-venezuela-220940-1024x576.jpg 1024w, https:\/\/lavozdedelicias.com\/wp-content\/uploads\/2026\/01\/trump-dispuesto-a-reunirse-con-delcy-rodriguez-se-autonombra-presidente-interino-de-venezuela-220940-768x432.jpg 768w, https:\/\/lavozdedelicias.com\/wp-content\/uploads\/2026\/01\/trump-dispuesto-a-reunirse-con-delcy-rodriguez-se-autonombra-presidente-interino-de-venezuela-220940-390x220.jpg 390w, https:\/\/lavozdedelicias.com\/wp-content\/uploads\/2026\/01\/trump-dispuesto-a-reunirse-con-delcy-rodriguez-se-autonombra-presidente-interino-de-venezuela-220940.jpg 1200w\" sizes=\"auto, (max-width: 300px) 100vw, 300px\" \/><\/p>\n","protected":false},"excerpt":{"rendered":"<p>Donald\u00a0Trump\u00a0afirm\u00f3 que habl\u00f3 con la\u00a0presidenta interina de Venezuela, Delcy Rodr\u00edguez, y asegur\u00f3 que la relaci\u00f3n bilateral \u201canda muy bien\u201d. El mandatario de\u00a0Estados Unidos\u00a0dijo que fue una llamada larga y positiva, en un contexto de\u00a0cambios pol\u00edticos en Caracas tras el derrocamiento de\u00a0Nicol\u00e1s Maduro. La conversaci\u00f3n ocurre antes de que\u00a0Trump\u00a0reciba en la\u00a0Casa Blanca\u00a0a la l\u00edder opositora\u00a0Mar\u00eda Corina &hellip;<\/p>\n","protected":false},"author":2,"featured_media":7398,"comment_status":"open","ping_status":"closed","sticky":false,"template":"","format":"standard","meta":{"footnotes":""},"categories":[29],"tags":[],"class_list":["post-7397","post","type-post","status-publish","format-standard","has-post-thumbnail","hentry","category-internacional"],"_links":{"self":[{"href":"https:\/\/lavozdedelicias.com\/index.php\/wp-json\/wp\/v2\/posts\/7397","targetHints":{"allow":["GET"]}}],"collection":[{"href":"https:\/\/lavozdedelicias.com\/index.php\/wp-json\/wp\/v2\/posts"}],"about":[{"href":"https:\/\/lavozdedelicias.com\/index.php\/wp-json\/wp\/v2\/types\/post"}],"author":[{"embeddable":true,"href":"https:\/\/lavozdedelicias.com\/index.php\/wp-json\/wp\/v2\/users\/2"}],"replies":[{"embeddable":true,"href":"https:\/\/lavozdedelicias.com\/index.php\/wp-json\/wp\/v2\/comments?post=7397"}],"version-history":[{"count":1,"href":"https:\/\/lavozdedelicias.com\/index.php\/wp-json\/wp\/v2\/posts\/7397\/revisions"}],"predecessor-version":[{"id":7399,"href":"https:\/\/lavozdedelicias.com\/index.php\/wp-json\/wp\/v2\/posts\/7397\/revisions\/7399"}],"wp:featuredmedia":[{"embeddable":true,"href":"https:\/\/lavozdedelicias.com\/index.php\/wp-json\/wp\/v2\/media\/7398"}],"wp:attachment":[{"href":"https:\/\/lavozdedelicias.com\/index.php\/wp-json\/wp\/v2\/media?parent=7397"}],"wp:term":[{"taxonomy":"category","embeddable":true,"href":"https:\/\/lavozdedelicias.com\/index.php\/wp-json\/wp\/v2\/categories?post=7397"},{"taxonomy":"post_tag","embeddable":true,"href":"https:\/\/lavozdedelicias.com\/index.php\/wp-json\/wp\/v2\/tags?post=7397"}],"curies":[{"name":"wp","href":"https:\/\/api.w.org\/{rel}","templated":true}]}}