{"id":7391,"date":"2026-01-13T03:52:04","date_gmt":"2026-01-13T03:52:04","guid":{"rendered":"https:\/\/lavozdedelicias.com\/?p=7391"},"modified":"2026-01-13T03:52:04","modified_gmt":"2026-01-13T03:52:04","slug":"episcopado-mexicano-llama-al-estado-a-asumir-su-papel-en-la-pacificacion-del-pais","status":"publish","type":"post","link":"https:\/\/lavozdedelicias.com\/index.php\/2026\/01\/13\/episcopado-mexicano-llama-al-estado-a-asumir-su-papel-en-la-pacificacion-del-pais\/","title":{"rendered":"Episcopado Mexicano llama al Estado a asumir su papel en la pacificaci\u00f3n del pa\u00eds"},"content":{"rendered":"<p>La\u00a0Conferencia del Episcopado Mexicano\u00a0(CEM) exigi\u00f3 que el Estado mexicano asuma su responsabilidad en la\u00a0construcci\u00f3n de la paz en el pa\u00eds, no como una pol\u00edtica limitada a un sexenio, sino como una\u00a0estrategia permanente y compartida por toda la sociedad.<\/p>\n<p>Durante la presentaci\u00f3n del\u00a0Segundo Di\u00e1logo por la Paz, que se llevar\u00e1 a cabo del\u00a030 de enero al 1 de febrero en Guadalajara, Jalisco, los representantes de la Iglesia cat\u00f3lica llamaron a impulsar un modelo profundo y ambicioso que priorice la vida por encima de cifras y estad\u00edsticas.<\/p>\n<h2 id=\"h-la-paz-no-puede-esperar-episcopado\" class=\"wp-block-heading\">\u201cLa paz no puede esperar\u201d: Episcopado<\/h2>\n<p>El secretario general de la\u00a0Conferencia del Episcopado Mexicano (CEM),\u00a0monse\u00f1or H\u00e9ctor M. P\u00e9rez Villarreal, subray\u00f3 que la construcci\u00f3n de la paz no debe entenderse como una concesi\u00f3n del poder, sino como una\u00a0responsabilidad hist\u00f3rica colectiva.<\/p>\n<p>Afirm\u00f3 que el pa\u00eds enfrenta una urgencia que no admite demoras ni enfoques temporales, y recalc\u00f3 que tanto el Estado como la sociedad deben asumir un papel activo y corresponsable en este proceso.<\/p>\n<h2 id=\"h-no-habra-paz-sin-justicia-advierte-la-iglesia\" class=\"wp-block-heading\">No habr\u00e1 paz sin justicia, advierte la Iglesia<\/h2>\n<div class=\"code-block code-block-2\">\n<div class=\"truvidPos\">En el mismo acto, el padre Luis Gerardo Moro Madrid, provincial de la Compa\u00f1\u00eda de Jes\u00fas en M\u00e9xico, advirti\u00f3 que\u00a0no puede haber paz sin justicia, especialmente en un pa\u00eds que carece de memoria hist\u00f3rica para atender las causas estructurales de la violencia.<\/div>\n<\/div>\n<div class=\"code-block code-block-8\">\n<div class=\"code-block\">Se\u00f1al\u00f3 que avanzar hacia la paz requiere reconocer el pasado, generar alternativas reales y construir condiciones que permitan una convivencia justa y duradera.<\/div>\n<\/div>\n<p>En este contexto, el Episcopado inform\u00f3 que\u00a0desde 1990 a la fecha, 80 sacerdotes y seminaristas han sido asesinados en M\u00e9xico, lo que refleja, dijo, el nivel de violencia que persiste en distintas regiones del pa\u00eds.<\/p>\n<h2 id=\"h-rechazan-intervencion-de-estados-unidos\" class=\"wp-block-heading\">Rechazan intervenci\u00f3n de Estados Unidos<\/h2>\n<p>Por otro lado, la Conferencia del Episcopado Mexicano\u00a0descart\u00f3 aceptar apoyo de Estados Unidos\u00a0para combatir a los c\u00e1rteles de la droga. Monse\u00f1or P\u00e9rez Villarreal sostuvo que la soluci\u00f3n a la violencia debe surgir desde el interior del pa\u00eds, sin intervenci\u00f3n militar extranjera.<\/p>\n<p>Indic\u00f3 que M\u00e9xico no requiere m\u00e1s armamento ni fuerzas externas, sino\u00a0di\u00e1logo, escucha y trabajo interno\u00a0entre los distintos sectores de la sociedad para atender las causas de fondo de la inseguridad.<\/p>\n<p>El Segundo Di\u00e1logo por la Paz buscar\u00e1 reunir a actores sociales, religiosos, acad\u00e9micos y comunitarios con el objetivo de generar propuestas que contribuyan a una pol\u00edtica de paz con enfoque humanista y de largo plazo.<\/p>\n<p><img loading=\"lazy\" decoding=\"async\" class=\"alignnone size-medium wp-image-7392\" src=\"https:\/\/lavozdedelicias.com\/wp-content\/uploads\/2026\/01\/proyecto-nuevo-5-194757-300x169.jpg\" alt=\"\" width=\"300\" height=\"169\" srcset=\"https:\/\/lavozdedelicias.com\/wp-content\/uploads\/2026\/01\/proyecto-nuevo-5-194757-300x169.jpg 300w, https:\/\/lavozdedelicias.com\/wp-content\/uploads\/2026\/01\/proyecto-nuevo-5-194757-1024x576.jpg 1024w, https:\/\/lavozdedelicias.com\/wp-content\/uploads\/2026\/01\/proyecto-nuevo-5-194757-768x432.jpg 768w, https:\/\/lavozdedelicias.com\/wp-content\/uploads\/2026\/01\/proyecto-nuevo-5-194757-390x220.jpg 390w, https:\/\/lavozdedelicias.com\/wp-content\/uploads\/2026\/01\/proyecto-nuevo-5-194757.jpg 1200w\" sizes=\"auto, (max-width: 300px) 100vw, 300px\" \/><\/p>\n","protected":false},"excerpt":{"rendered":"<p>La\u00a0Conferencia del Episcopado Mexicano\u00a0(CEM) exigi\u00f3 que el Estado mexicano asuma su responsabilidad en la\u00a0construcci\u00f3n de la paz en el pa\u00eds, no como una pol\u00edtica limitada a un sexenio, sino como una\u00a0estrategia permanente y compartida por toda la sociedad. Durante la presentaci\u00f3n del\u00a0Segundo Di\u00e1logo por la Paz, que se llevar\u00e1 a cabo del\u00a030 de enero al &hellip;<\/p>\n","protected":false},"author":2,"featured_media":7392,"comment_status":"open","ping_status":"closed","sticky":false,"template":"","format":"standard","meta":{"footnotes":""},"categories":[28],"tags":[],"class_list":["post-7391","post","type-post","status-publish","format-standard","has-post-thumbnail","hentry","category-nacionales"],"_links":{"self":[{"href":"https:\/\/lavozdedelicias.com\/index.php\/wp-json\/wp\/v2\/posts\/7391","targetHints":{"allow":["GET"]}}],"collection":[{"href":"https:\/\/lavozdedelicias.com\/index.php\/wp-json\/wp\/v2\/posts"}],"about":[{"href":"https:\/\/lavozdedelicias.com\/index.php\/wp-json\/wp\/v2\/types\/post"}],"author":[{"embeddable":true,"href":"https:\/\/lavozdedelicias.com\/index.php\/wp-json\/wp\/v2\/users\/2"}],"replies":[{"embeddable":true,"href":"https:\/\/lavozdedelicias.com\/index.php\/wp-json\/wp\/v2\/comments?post=7391"}],"version-history":[{"count":1,"href":"https:\/\/lavozdedelicias.com\/index.php\/wp-json\/wp\/v2\/posts\/7391\/revisions"}],"predecessor-version":[{"id":7393,"href":"https:\/\/lavozdedelicias.com\/index.php\/wp-json\/wp\/v2\/posts\/7391\/revisions\/7393"}],"wp:featuredmedia":[{"embeddable":true,"href":"https:\/\/lavozdedelicias.com\/index.php\/wp-json\/wp\/v2\/media\/7392"}],"wp:attachment":[{"href":"https:\/\/lavozdedelicias.com\/index.php\/wp-json\/wp\/v2\/media?parent=7391"}],"wp:term":[{"taxonomy":"category","embeddable":true,"href":"https:\/\/lavozdedelicias.com\/index.php\/wp-json\/wp\/v2\/categories?post=7391"},{"taxonomy":"post_tag","embeddable":true,"href":"https:\/\/lavozdedelicias.com\/index.php\/wp-json\/wp\/v2\/tags?post=7391"}],"curies":[{"name":"wp","href":"https:\/\/api.w.org\/{rel}","templated":true}]}}