{"id":7125,"date":"2026-01-02T03:43:45","date_gmt":"2026-01-02T03:43:45","guid":{"rendered":"https:\/\/lavozdedelicias.com\/?p=7125"},"modified":"2026-01-02T03:43:45","modified_gmt":"2026-01-02T03:43:45","slug":"hilda-alcantara-victima-numero-14-del-accidente-del-tren-interoceanico","status":"publish","type":"post","link":"https:\/\/lavozdedelicias.com\/index.php\/2026\/01\/02\/hilda-alcantara-victima-numero-14-del-accidente-del-tren-interoceanico\/","title":{"rendered":"Hilda Alc\u00e1ntara, v\u00edctima n\u00famero 14 del accidente del Tren Interoce\u00e1nico"},"content":{"rendered":"<p>La cifra de muertes tras el accidente del Tren Interoce\u00e1nico subi\u00f3 a 14 tras el fallecimiento de la Hilda Alc\u00e1ntara, confirm\u00f3 la Secretar\u00eda de Gobernaci\u00f3n (Segob) a trav\u00e9s de un comunicado.<\/p>\n<p>La Segob destac\u00f3 que la muerte de Hilda Alc\u00e1ntara se registr\u00f3 el 1 de enero de 2026 a las 10:35 horas, de acuerdo con la informaci\u00f3n recibida del IMSS Bienestar.<\/p>\n<h2 id=\"h-que-se-sabe-de-hilda-alcantara-nueva-victima-del-tren-interoceanico\" class=\"wp-block-heading\">\u00bfQu\u00e9 se sabe de Hilda Alc\u00e1ntara, nueva v\u00edctima del Tren Interoce\u00e1nico?<\/h2>\n<p>De acuerdo con la informaci\u00f3n oficial,\u00a0Hilda Alc\u00e1ntara ten\u00eda 73 a\u00f1os\u00a0y result\u00f3 herida tras el descarrilamiento del\u00a0Tren Interoce\u00e1nico, por lo que fue trasladada a un hospital para\u00a0recibir atenci\u00f3n m\u00e9dica.<\/p>\n<p>La secretar\u00eda federal, explic\u00f3 que\u00a0Hilda Alc\u00e1ntara\u00a0ingres\u00f3, primero, a la cl\u00ednica\u00a0Hospital Tehuantepec\u00a0del Instituto de Seguridad y Servicios Sociales de los Trabajadores del Estado (ISSSTE).<\/p>\n<div class=\"code-block code-block-2\">\n<div class=\"truvidPos\">Despu\u00e9s, seg\u00fan la informaci\u00f3n oficial, la mujer de 73 a\u00f1os\u00a0fue trasladada a la\u00a0Unidad de Terapia Intensiva del Hospital Regional de Alta Especialidad de IMSS Bienestar,\u00a0en donde recibi\u00f3\u00a0atenci\u00f3n m\u00e9dica especializada\u00a0y procedimientos quir\u00fargicos de urgencia.<\/div>\n<\/div>\n<div class=\"code-block code-block-8\">\n<div class=\"code-block\">Sin embargo, no se detallaron los procedimientos que se le aplicaron\u00a0a la mujer tras el\u00a0descarrilamiento\u00a0del\u00a0Tren Interoce\u00e1nico\u00a0el pasado\u00a028 de diciembre de 2025.<\/div>\n<\/div>\n<h2 id=\"h-autoridades-reiteran-apoyo-a-familia-de-nueva-victima-del-tren-interoceanico\" class=\"wp-block-heading\">Autoridades reiteran apoyo a familia de nueva v\u00edctima del Tren Interoce\u00e1nico<\/h2>\n<p>La\u00a0Comisi\u00f3n Ejecutiva de Atenci\u00f3n a V\u00edctimas (CEAV)\u00a0lament\u00f3 la muerte de la mujer de 73 a\u00f1os a d\u00edas del descarrilamiento del Tren Interoce\u00e1nico y asegur\u00f3 que se mantiene\u00a0comunicaci\u00f3n con la familia.<\/p>\n<p><em>\u201cLa CEAV estableci\u00f3 contacto y atenci\u00f3n directa con los familiares de la paciente durante su estad\u00eda cl\u00ednica y tambi\u00e9n en este dif\u00edcil momento para garantizar acompa\u00f1amiento integral, conforme a los protocolos de atenci\u00f3n a v\u00edctimas. Nuestro compromiso es brindarles todo el respaldo necesario para que reciban una atenci\u00f3n digna, humana y con perspectiva de derechos\u201d,\u00a0<\/em><em>explicaron en el comunicado.<\/em><\/p>\n<p>Con la muerte de\u00a0Hilda Alc\u00e1ntara\u00a0suman\u00a014 v\u00edctimas mortales\u00a0del accidente del\u00a0Tren Interoce\u00e1nico.<\/p>\n<p><img loading=\"lazy\" decoding=\"async\" class=\"alignnone size-medium wp-image-7126\" src=\"https:\/\/lavozdedelicias.com\/wp-content\/uploads\/2026\/01\/cuartoscuro-tren1-191811-300x169.jpg\" alt=\"\" width=\"300\" height=\"169\" srcset=\"https:\/\/lavozdedelicias.com\/wp-content\/uploads\/2026\/01\/cuartoscuro-tren1-191811-300x169.jpg 300w, https:\/\/lavozdedelicias.com\/wp-content\/uploads\/2026\/01\/cuartoscuro-tren1-191811-1024x576.jpg 1024w, https:\/\/lavozdedelicias.com\/wp-content\/uploads\/2026\/01\/cuartoscuro-tren1-191811-768x432.jpg 768w, https:\/\/lavozdedelicias.com\/wp-content\/uploads\/2026\/01\/cuartoscuro-tren1-191811-390x220.jpg 390w, https:\/\/lavozdedelicias.com\/wp-content\/uploads\/2026\/01\/cuartoscuro-tren1-191811.jpg 1200w\" sizes=\"auto, (max-width: 300px) 100vw, 300px\" \/><\/p>\n","protected":false},"excerpt":{"rendered":"<p>La cifra de muertes tras el accidente del Tren Interoce\u00e1nico subi\u00f3 a 14 tras el fallecimiento de la Hilda Alc\u00e1ntara, confirm\u00f3 la Secretar\u00eda de Gobernaci\u00f3n (Segob) a trav\u00e9s de un comunicado. La Segob destac\u00f3 que la muerte de Hilda Alc\u00e1ntara se registr\u00f3 el 1 de enero de 2026 a las 10:35 horas, de acuerdo con &hellip;<\/p>\n","protected":false},"author":2,"featured_media":7126,"comment_status":"open","ping_status":"closed","sticky":false,"template":"","format":"standard","meta":{"footnotes":""},"categories":[28],"tags":[],"class_list":["post-7125","post","type-post","status-publish","format-standard","has-post-thumbnail","hentry","category-nacionales"],"_links":{"self":[{"href":"https:\/\/lavozdedelicias.com\/index.php\/wp-json\/wp\/v2\/posts\/7125","targetHints":{"allow":["GET"]}}],"collection":[{"href":"https:\/\/lavozdedelicias.com\/index.php\/wp-json\/wp\/v2\/posts"}],"about":[{"href":"https:\/\/lavozdedelicias.com\/index.php\/wp-json\/wp\/v2\/types\/post"}],"author":[{"embeddable":true,"href":"https:\/\/lavozdedelicias.com\/index.php\/wp-json\/wp\/v2\/users\/2"}],"replies":[{"embeddable":true,"href":"https:\/\/lavozdedelicias.com\/index.php\/wp-json\/wp\/v2\/comments?post=7125"}],"version-history":[{"count":1,"href":"https:\/\/lavozdedelicias.com\/index.php\/wp-json\/wp\/v2\/posts\/7125\/revisions"}],"predecessor-version":[{"id":7127,"href":"https:\/\/lavozdedelicias.com\/index.php\/wp-json\/wp\/v2\/posts\/7125\/revisions\/7127"}],"wp:featuredmedia":[{"embeddable":true,"href":"https:\/\/lavozdedelicias.com\/index.php\/wp-json\/wp\/v2\/media\/7126"}],"wp:attachment":[{"href":"https:\/\/lavozdedelicias.com\/index.php\/wp-json\/wp\/v2\/media?parent=7125"}],"wp:term":[{"taxonomy":"category","embeddable":true,"href":"https:\/\/lavozdedelicias.com\/index.php\/wp-json\/wp\/v2\/categories?post=7125"},{"taxonomy":"post_tag","embeddable":true,"href":"https:\/\/lavozdedelicias.com\/index.php\/wp-json\/wp\/v2\/tags?post=7125"}],"curies":[{"name":"wp","href":"https:\/\/api.w.org\/{rel}","templated":true}]}}