{"id":6999,"date":"2025-12-23T03:23:25","date_gmt":"2025-12-23T03:23:25","guid":{"rendered":"https:\/\/lavozdedelicias.com\/?p=6999"},"modified":"2025-12-23T03:23:25","modified_gmt":"2025-12-23T03:23:25","slug":"obtiene-fem-vinculacion-a-proceso-de-imputado-por-delitos-sexuales-cometidos-a-dos-menores-de-edad","status":"publish","type":"post","link":"https:\/\/lavozdedelicias.com\/index.php\/2025\/12\/23\/obtiene-fem-vinculacion-a-proceso-de-imputado-por-delitos-sexuales-cometidos-a-dos-menores-de-edad\/","title":{"rendered":"Obtiene FEM vinculaci\u00f3n a proceso de imputado por delitos sexuales cometidos a dos menores de edad"},"content":{"rendered":"<p>La Fiscal\u00eda Especializada en Atenci\u00f3n a Mujeres V\u00edctimas del Delito por Razones de G\u00e9nero y a la Familia, obtuvo la vinculaci\u00f3n a proceso del imputado \u00d3scar Iv\u00e1n C. M., por los delitos de violaci\u00f3n y abuso sexual, ambos con penalidad agravada, cometidos en perjuicio de dos menores de edad.<\/p>\n<p>Agentes del Ministerio P\u00fablico de la Unidad de Investigaci\u00f3n de Delitos Sexuales, expusieron ante la Jueza del Tribunal Especializado en Violencia de G\u00e9nero, datos de prueba fehacientes que acreditaron la probable responsabilidad del imputado en hechos ocurridos el 10 de abril de 2025 y del 13 al 25 de julio del 2025, al interior de un domicilio ubicado en la colonia Villa nueva en la ciudad de Chihuahua.<\/p>\n<p>El imputado fue detenido mediante una orden de aprehensi\u00f3n cumplimentada por elementos de la Agencia Estatal de Investigaci\u00f3n el 19 de diciembre a la altura de la carretera Chihuahua- Cuauht\u00e9moc.<\/p>\n<p>La Juez de Control del Distrito Judicial Morelos conocedora de la causa penal, resolvi\u00f3 la situaci\u00f3n jur\u00eddica del imputado, misma que enfrentar\u00e1 bajo la medida cautelar de prisi\u00f3n preventiva en el Cereso de Aquiles Serd\u00e1n.<\/p>\n<p>***De acuerdo con las leyes y normas vigentes, el imputado se presume inocente mientras no se declare su responsabilidad mediante sentencia emitida por la autoridad judicial (art\u00edculo 13 del C\u00f3digo Nacional de Procedimientos Penales)<\/p>\n<p><img loading=\"lazy\" decoding=\"async\" class=\"alignnone size-medium wp-image-7000\" src=\"https:\/\/lavozdedelicias.com\/wp-content\/uploads\/2025\/12\/WhatsApp-Image-2025-12-22-at-4.17.48-PM-247x300.jpeg\" alt=\"\" width=\"247\" height=\"300\" srcset=\"https:\/\/lavozdedelicias.com\/wp-content\/uploads\/2025\/12\/WhatsApp-Image-2025-12-22-at-4.17.48-PM-247x300.jpeg 247w, https:\/\/lavozdedelicias.com\/wp-content\/uploads\/2025\/12\/WhatsApp-Image-2025-12-22-at-4.17.48-PM-843x1024.jpeg 843w, https:\/\/lavozdedelicias.com\/wp-content\/uploads\/2025\/12\/WhatsApp-Image-2025-12-22-at-4.17.48-PM-768x933.jpeg 768w, https:\/\/lavozdedelicias.com\/wp-content\/uploads\/2025\/12\/WhatsApp-Image-2025-12-22-at-4.17.48-PM-1264x1536.jpeg 1264w, https:\/\/lavozdedelicias.com\/wp-content\/uploads\/2025\/12\/WhatsApp-Image-2025-12-22-at-4.17.48-PM.jpeg 1317w\" sizes=\"auto, (max-width: 247px) 100vw, 247px\" \/><\/p>\n","protected":false},"excerpt":{"rendered":"<p>La Fiscal\u00eda Especializada en Atenci\u00f3n a Mujeres V\u00edctimas del Delito por Razones de G\u00e9nero y a la Familia, obtuvo la vinculaci\u00f3n a proceso del imputado \u00d3scar Iv\u00e1n C. M., por los delitos de violaci\u00f3n y abuso sexual, ambos con penalidad agravada, cometidos en perjuicio de dos menores de edad. Agentes del Ministerio P\u00fablico de la &hellip;<\/p>\n","protected":false},"author":2,"featured_media":7000,"comment_status":"open","ping_status":"closed","sticky":false,"template":"","format":"standard","meta":{"footnotes":""},"categories":[27],"tags":[],"class_list":["post-6999","post","type-post","status-publish","format-standard","has-post-thumbnail","hentry","category-el-estado"],"_links":{"self":[{"href":"https:\/\/lavozdedelicias.com\/index.php\/wp-json\/wp\/v2\/posts\/6999","targetHints":{"allow":["GET"]}}],"collection":[{"href":"https:\/\/lavozdedelicias.com\/index.php\/wp-json\/wp\/v2\/posts"}],"about":[{"href":"https:\/\/lavozdedelicias.com\/index.php\/wp-json\/wp\/v2\/types\/post"}],"author":[{"embeddable":true,"href":"https:\/\/lavozdedelicias.com\/index.php\/wp-json\/wp\/v2\/users\/2"}],"replies":[{"embeddable":true,"href":"https:\/\/lavozdedelicias.com\/index.php\/wp-json\/wp\/v2\/comments?post=6999"}],"version-history":[{"count":1,"href":"https:\/\/lavozdedelicias.com\/index.php\/wp-json\/wp\/v2\/posts\/6999\/revisions"}],"predecessor-version":[{"id":7001,"href":"https:\/\/lavozdedelicias.com\/index.php\/wp-json\/wp\/v2\/posts\/6999\/revisions\/7001"}],"wp:featuredmedia":[{"embeddable":true,"href":"https:\/\/lavozdedelicias.com\/index.php\/wp-json\/wp\/v2\/media\/7000"}],"wp:attachment":[{"href":"https:\/\/lavozdedelicias.com\/index.php\/wp-json\/wp\/v2\/media?parent=6999"}],"wp:term":[{"taxonomy":"category","embeddable":true,"href":"https:\/\/lavozdedelicias.com\/index.php\/wp-json\/wp\/v2\/categories?post=6999"},{"taxonomy":"post_tag","embeddable":true,"href":"https:\/\/lavozdedelicias.com\/index.php\/wp-json\/wp\/v2\/tags?post=6999"}],"curies":[{"name":"wp","href":"https:\/\/api.w.org\/{rel}","templated":true}]}}