{"id":6907,"date":"2025-12-21T02:33:03","date_gmt":"2025-12-21T02:33:03","guid":{"rendered":"https:\/\/lavozdedelicias.com\/?p=6907"},"modified":"2025-12-21T02:33:03","modified_gmt":"2025-12-21T02:33:03","slug":"checo-perez-esta-de-vuelta-usara-el-11-en-su-regreso-a-la-f1","status":"publish","type":"post","link":"https:\/\/lavozdedelicias.com\/index.php\/2025\/12\/21\/checo-perez-esta-de-vuelta-usara-el-11-en-su-regreso-a-la-f1\/","title":{"rendered":"\u00a1Checo P\u00e9rez est\u00e1 de vuelta! Usar\u00e1 el #11 en su regreso a la F1"},"content":{"rendered":"<p>Sergio\u00a0\u201cCheco\u201d P\u00e9rez\u00a0vuelve a ocupar un lugar central en la\u00a0F\u00f3rmula 1. La\u00a0FIA\u00a0public\u00f3 la lista oficial de inscritos y dorsales para la temporada\u00a02026, y el nombre del piloto mexicano aparece confirmado como\u00a0el titular de Cadillac, uno de los proyectos m\u00e1s esperados de la nueva era t\u00e9cnica del campeonato.<\/p>\n<p>El regreso de\u00a0Checo P\u00e9rez\u00a0a la F\u00f3rmula 1\u00a0marca uno de los movimientos m\u00e1s relevantes rumbo a 2026. El piloto tapat\u00edo competir\u00e1 nuevamente en la parrilla tras su\u00a0etapa previa en\u00a0Red Bull,\u00a0manteniendo el\u00a0dorsal #11, mismo con el que consigui\u00f3 victorias y podios en su carrera. El propio P\u00e9rez confirm\u00f3 el n\u00famero a trav\u00e9s de sus\u00a0redes sociales, validando su continuidad con ese identificador.<\/p>\n<h2 id=\"h-algunos-pilotos-cambiaron-de-numero-para-la-temporada-2026\" class=\"wp-block-heading\">Algunos pilotos cambiaron de n\u00famero para la temporada 2026<\/h2>\n<p>La publicaci\u00f3n de la lista oficial tambi\u00e9n revel\u00f3 un cambio simb\u00f3lico en la parrilla. El\u00a0dorsal #1, reservado para el\u00a0campe\u00f3n del mundo, tendr\u00e1 un nuevo due\u00f1o en 2026.\u00a0Lando Norris\u00a0decidi\u00f3 utilizar ese n\u00famero tras conquistar el t\u00edtulo, ejerciendo un privilegio que solo est\u00e1 disponible para el monarca vigente.<\/p>\n<div class=\"code-block code-block-2\">\n<div class=\"truvidPos\">Este movimiento oblig\u00f3 a Max Verstappen\u00a0a competir con el\u00a0dorsal #3, dejando atr\u00e1s el n\u00famero que hab\u00eda usado en temporadas recientes.<\/div>\n<\/div>\n<p><span style=\"font-size: 24px;\">\u00bfPor qu\u00e9 Checo P\u00e9rez usa el n\u00famero 11?<\/span><\/p>\n<p>Es bien sabido que\u00a0Checo P\u00e9rez\u00a0es aficionado del Club Am\u00e9rica, pasi\u00f3n que ha trasladado a su n\u00famero en la F\u00f3rmula 1. La utilizaci\u00f3n del #11 se debe a su \u00eddolo,\u00a0Iv\u00e1n Zamorano, mejor conocido como el \u201cBam bam\u201d, quien fue campe\u00f3n con las \u00c1guilas en el 2002.<\/p>\n<p><span style=\"font-size: 24px;\">\u00bfCu\u00e1ndo inicia la temporada 2026 de la F\u00f3rmula 1?<\/span><\/p>\n<p>La pr\u00f3xima campa\u00f1a de la\u00a0F\u00f3rmula 1 comenzar\u00e1 del 6 al 8 de marzo con el Gran Premio de Australia, en donde se podr\u00e1 ver el regreso de Checo P\u00e9rez. Por su parte, el\u00a0GP de M\u00e9xico se correr\u00e1 del 30 de octubre al 1\u00b0 de noviembre, mientras que la\u00a0temporada finalizar\u00e1 el 6 de diciembre en Abu Dabi.<\/p>\n<p><img loading=\"lazy\" decoding=\"async\" class=\"alignnone size-medium wp-image-6908\" src=\"https:\/\/lavozdedelicias.com\/wp-content\/uploads\/2025\/12\/casco-de-checo-perez-cadillac-103402-300x169.jpg\" alt=\"\" width=\"300\" height=\"169\" srcset=\"https:\/\/lavozdedelicias.com\/wp-content\/uploads\/2025\/12\/casco-de-checo-perez-cadillac-103402-300x169.jpg 300w, https:\/\/lavozdedelicias.com\/wp-content\/uploads\/2025\/12\/casco-de-checo-perez-cadillac-103402-1024x576.jpg 1024w, https:\/\/lavozdedelicias.com\/wp-content\/uploads\/2025\/12\/casco-de-checo-perez-cadillac-103402-768x432.jpg 768w, https:\/\/lavozdedelicias.com\/wp-content\/uploads\/2025\/12\/casco-de-checo-perez-cadillac-103402-390x220.jpg 390w, https:\/\/lavozdedelicias.com\/wp-content\/uploads\/2025\/12\/casco-de-checo-perez-cadillac-103402.jpg 1200w\" sizes=\"auto, (max-width: 300px) 100vw, 300px\" \/><\/p>\n","protected":false},"excerpt":{"rendered":"<p>Sergio\u00a0\u201cCheco\u201d P\u00e9rez\u00a0vuelve a ocupar un lugar central en la\u00a0F\u00f3rmula 1. La\u00a0FIA\u00a0public\u00f3 la lista oficial de inscritos y dorsales para la temporada\u00a02026, y el nombre del piloto mexicano aparece confirmado como\u00a0el titular de Cadillac, uno de los proyectos m\u00e1s esperados de la nueva era t\u00e9cnica del campeonato. El regreso de\u00a0Checo P\u00e9rez\u00a0a la F\u00f3rmula 1\u00a0marca uno de &hellip;<\/p>\n","protected":false},"author":2,"featured_media":6908,"comment_status":"open","ping_status":"closed","sticky":false,"template":"","format":"standard","meta":{"footnotes":""},"categories":[30],"tags":[],"class_list":["post-6907","post","type-post","status-publish","format-standard","has-post-thumbnail","hentry","category-deportes"],"_links":{"self":[{"href":"https:\/\/lavozdedelicias.com\/index.php\/wp-json\/wp\/v2\/posts\/6907","targetHints":{"allow":["GET"]}}],"collection":[{"href":"https:\/\/lavozdedelicias.com\/index.php\/wp-json\/wp\/v2\/posts"}],"about":[{"href":"https:\/\/lavozdedelicias.com\/index.php\/wp-json\/wp\/v2\/types\/post"}],"author":[{"embeddable":true,"href":"https:\/\/lavozdedelicias.com\/index.php\/wp-json\/wp\/v2\/users\/2"}],"replies":[{"embeddable":true,"href":"https:\/\/lavozdedelicias.com\/index.php\/wp-json\/wp\/v2\/comments?post=6907"}],"version-history":[{"count":1,"href":"https:\/\/lavozdedelicias.com\/index.php\/wp-json\/wp\/v2\/posts\/6907\/revisions"}],"predecessor-version":[{"id":6909,"href":"https:\/\/lavozdedelicias.com\/index.php\/wp-json\/wp\/v2\/posts\/6907\/revisions\/6909"}],"wp:featuredmedia":[{"embeddable":true,"href":"https:\/\/lavozdedelicias.com\/index.php\/wp-json\/wp\/v2\/media\/6908"}],"wp:attachment":[{"href":"https:\/\/lavozdedelicias.com\/index.php\/wp-json\/wp\/v2\/media?parent=6907"}],"wp:term":[{"taxonomy":"category","embeddable":true,"href":"https:\/\/lavozdedelicias.com\/index.php\/wp-json\/wp\/v2\/categories?post=6907"},{"taxonomy":"post_tag","embeddable":true,"href":"https:\/\/lavozdedelicias.com\/index.php\/wp-json\/wp\/v2\/tags?post=6907"}],"curies":[{"name":"wp","href":"https:\/\/api.w.org\/{rel}","templated":true}]}}