{"id":6795,"date":"2025-12-14T02:56:57","date_gmt":"2025-12-14T02:56:57","guid":{"rendered":"https:\/\/lavozdedelicias.com\/?p=6795"},"modified":"2025-12-14T02:56:57","modified_gmt":"2025-12-14T02:56:57","slug":"isis-asesina-a-dos-soldados-y-un-civil-de-ee-uu-en-siria-trump-promete-represalias","status":"publish","type":"post","link":"https:\/\/lavozdedelicias.com\/index.php\/2025\/12\/14\/isis-asesina-a-dos-soldados-y-un-civil-de-ee-uu-en-siria-trump-promete-represalias\/","title":{"rendered":"ISIS asesina a dos soldados y un civil de EE. UU. en Siria; Trump promete represalias"},"content":{"rendered":"<p>Dos soldados estadounidenses y un civil murieron este s\u00e1bado en Siria durante una emboscada atribuida al grupo yihadista\u00a0ISIS\u00a0tambi\u00e9n conocido como\u00a0Estado Isl\u00e1mico (EI),\u00a0inform\u00f3 el ej\u00e9rcito de Estados Unidos.\u00a0El ataque ocurri\u00f3 mientras el contingente realizaba una misi\u00f3n de apoyo a operaciones antiterroristas en la regi\u00f3n.<\/p>\n<p>De acuerdo con el Comando Central de Estados Unidos (Centcom), el ataque fue perpetrado por un francotirador, quien posteriormente fue abatido. Adem\u00e1s,\u00a0otros tres soldados estadounidenses resultaron heridos\u00a0y reciben atenci\u00f3n m\u00e9dica.<\/p>\n<h2 id=\"h-ataque-ocurrio-durante-mision-antiterrorista-en-palmira\" class=\"wp-block-heading\">Ataque ocurri\u00f3 durante misi\u00f3n antiterrorista en Palmira<\/h2>\n<p>El portavoz del Pent\u00e1gono, Sean Parnell, detall\u00f3 que el civil fallecido era un\u00a0int\u00e9rprete\u00a0que acompa\u00f1aba a las fuerzas estadounidenses. La delegaci\u00f3n se encontraba en la regi\u00f3n des\u00e9rtica de\u00a0Palmira, en el centro de Siria, como parte de una misi\u00f3n de apoyo a las operaciones contra el EI.<\/p>\n<p>Seg\u00fan la agencia oficial siria\u00a0Sana, el ataque se produjo durante una visita conjunta de fuerzas estadounidenses y sirias en la zona.<\/p>\n<h2 id=\"h-trump-promete-represalias-tras-ataque-del-estado-islamico\" class=\"wp-block-heading\">Trump promete represalias tras ataque del Estado Isl\u00e1mico<\/h2>\n<div class=\"code-block code-block-2\">\n<div class=\"truvidPos\"><\/div>\n<\/div>\n<p>Desde la Casa Blanca, el presidente asegur\u00f3 que\u00a0Estados Unidos\u00a0tomar\u00e1 represalias\u00a0contra los responsables del ataque.<\/p>\n<div class=\"code-block code-block-8\">\n<div class=\"code-block\">M\u00e1s tarde, a trav\u00e9s de su plataforma Truth Social, Trump afirm\u00f3 que el presidente sirio\u00a0Ahmed al Sharaa\u00a0se encontraba \u201cextremadamente enfadado y afectado\u201d por lo ocurrido.<\/div>\n<\/div>\n<h2 id=\"h-siria-condena-el-ataque-y-expresa-condolencias\" class=\"wp-block-heading\">Siria condena el ataque y expresa condolencias<\/h2>\n<p>El ministro de Relaciones Exteriores de Siria,\u00a0Asaad al Shaibani, conden\u00f3 el ataque y lo calific\u00f3 como un acto\u00a0terrorista. En un mensaje difundido en X, expres\u00f3 condolencias a las familias de las v\u00edctimas, as\u00ed como al gobierno y al pueblo de Estados Unidos, y dese\u00f3 una pronta recuperaci\u00f3n a los heridos.<\/p>\n<p>Por su parte, el Ministerio del Interior sirio se\u00f1al\u00f3 que\u00a0existieron advertencias previas\u00a0sobre una posible incursi\u00f3n de combatientes del EI en la regi\u00f3n des\u00e9rtica de Palmira.<\/p>\n<h2 id=\"h-advertencias-ignoradas-antes-del-ataque-afirma-siria\" class=\"wp-block-heading\">Advertencias ignoradas antes del ataque, afirma Siria<\/h2>\n<p>El portavoz del Ministerio del Interior,\u00a0Anwar al Baba, asegur\u00f3 que las fuerzas de seguridad sirias hab\u00edan alertado a la coalici\u00f3n internacional liderada por Estados Unidos sobre el riesgo de\u00a0infiltraci\u00f3n del EI.<\/p>\n<p>Sin embargo, afirm\u00f3 que dichas advertencias\u00a0no fueron tomadas en cuenta, lo que deriv\u00f3 en el ataque armado durante la patrulla conjunta.<\/p>\n<h2 id=\"h-pentagono-lanza-advertencia-directa-al-ei\" class=\"wp-block-heading\">Pent\u00e1gono lanza advertencia directa al EI<\/h2>\n<p>El secretario de Defensa de Estados Unidos,\u00a0Pete Hegseth, calific\u00f3 al autor del ataque como \u201csalvaje\u201d y advirti\u00f3 que cualquier agresi\u00f3n contra ciudadanos estadounidenses tendr\u00e1 consecuencias severas.<\/p>\n<p>Se\u00f1al\u00f3 que quienes ataquen a estadounidenses \u201cser\u00e1n perseguidos, encontrados y eliminados\u201d, sin importar el lugar del mundo donde se encuentren.<\/p>\n<h2 id=\"h-investigacion-en-curso-y-contexto-del-conflicto\" class=\"wp-block-heading\">Investigaci\u00f3n en curso y contexto del conflicto<\/h2>\n<p>Las identidades de los soldados fallecidos no ser\u00e1n reveladas hasta que sus familias sean notificadas, proceso que podr\u00eda tardar al menos 24 horas, indic\u00f3 el Pent\u00e1gono. El ataque ya es objeto de una\u00a0investigaci\u00f3n oficial.<\/p>\n<p>Este hecho marca el primer incidente mortal de este tipo en Siria desde que, hace un a\u00f1o, una coalici\u00f3n islamista lleg\u00f3 al poder y se acerc\u00f3 diplom\u00e1ticamente a Estados Unidos. Aunque el EI fue derrotado territorialmente en 2019, sus combatientes contin\u00faan realizando\u00a0ataques espor\u00e1dicos\u00a0desde el desierto sirio.<\/p>\n<p><img loading=\"lazy\" decoding=\"async\" class=\"alignnone size-medium wp-image-6796\" src=\"https:\/\/lavozdedelicias.com\/wp-content\/uploads\/2025\/12\/enfrentamientos-en-siria-072131-300x169.jpg\" alt=\"\" width=\"300\" height=\"169\" srcset=\"https:\/\/lavozdedelicias.com\/wp-content\/uploads\/2025\/12\/enfrentamientos-en-siria-072131-300x169.jpg 300w, https:\/\/lavozdedelicias.com\/wp-content\/uploads\/2025\/12\/enfrentamientos-en-siria-072131-1024x576.jpg 1024w, https:\/\/lavozdedelicias.com\/wp-content\/uploads\/2025\/12\/enfrentamientos-en-siria-072131-768x432.jpg 768w, https:\/\/lavozdedelicias.com\/wp-content\/uploads\/2025\/12\/enfrentamientos-en-siria-072131-390x220.jpg 390w, https:\/\/lavozdedelicias.com\/wp-content\/uploads\/2025\/12\/enfrentamientos-en-siria-072131.jpg 1200w\" sizes=\"auto, (max-width: 300px) 100vw, 300px\" \/><\/p>\n","protected":false},"excerpt":{"rendered":"<p>Dos soldados estadounidenses y un civil murieron este s\u00e1bado en Siria durante una emboscada atribuida al grupo yihadista\u00a0ISIS\u00a0tambi\u00e9n conocido como\u00a0Estado Isl\u00e1mico (EI),\u00a0inform\u00f3 el ej\u00e9rcito de Estados Unidos.\u00a0El ataque ocurri\u00f3 mientras el contingente realizaba una misi\u00f3n de apoyo a operaciones antiterroristas en la regi\u00f3n. De acuerdo con el Comando Central de Estados Unidos (Centcom), el ataque &hellip;<\/p>\n","protected":false},"author":2,"featured_media":6796,"comment_status":"open","ping_status":"closed","sticky":false,"template":"","format":"standard","meta":{"footnotes":""},"categories":[29],"tags":[],"class_list":["post-6795","post","type-post","status-publish","format-standard","has-post-thumbnail","hentry","category-internacional"],"_links":{"self":[{"href":"https:\/\/lavozdedelicias.com\/index.php\/wp-json\/wp\/v2\/posts\/6795","targetHints":{"allow":["GET"]}}],"collection":[{"href":"https:\/\/lavozdedelicias.com\/index.php\/wp-json\/wp\/v2\/posts"}],"about":[{"href":"https:\/\/lavozdedelicias.com\/index.php\/wp-json\/wp\/v2\/types\/post"}],"author":[{"embeddable":true,"href":"https:\/\/lavozdedelicias.com\/index.php\/wp-json\/wp\/v2\/users\/2"}],"replies":[{"embeddable":true,"href":"https:\/\/lavozdedelicias.com\/index.php\/wp-json\/wp\/v2\/comments?post=6795"}],"version-history":[{"count":2,"href":"https:\/\/lavozdedelicias.com\/index.php\/wp-json\/wp\/v2\/posts\/6795\/revisions"}],"predecessor-version":[{"id":6798,"href":"https:\/\/lavozdedelicias.com\/index.php\/wp-json\/wp\/v2\/posts\/6795\/revisions\/6798"}],"wp:featuredmedia":[{"embeddable":true,"href":"https:\/\/lavozdedelicias.com\/index.php\/wp-json\/wp\/v2\/media\/6796"}],"wp:attachment":[{"href":"https:\/\/lavozdedelicias.com\/index.php\/wp-json\/wp\/v2\/media?parent=6795"}],"wp:term":[{"taxonomy":"category","embeddable":true,"href":"https:\/\/lavozdedelicias.com\/index.php\/wp-json\/wp\/v2\/categories?post=6795"},{"taxonomy":"post_tag","embeddable":true,"href":"https:\/\/lavozdedelicias.com\/index.php\/wp-json\/wp\/v2\/tags?post=6795"}],"curies":[{"name":"wp","href":"https:\/\/api.w.org\/{rel}","templated":true}]}}