{"id":6773,"date":"2025-12-13T03:19:24","date_gmt":"2025-12-13T03:19:24","guid":{"rendered":"https:\/\/lavozdedelicias.com\/?p=6773"},"modified":"2025-12-13T03:19:24","modified_gmt":"2025-12-13T03:19:24","slug":"este-domingo-son-las-elecciones-presidenciales-de-chile-quien-ganaria-segun-encuestas","status":"publish","type":"post","link":"https:\/\/lavozdedelicias.com\/index.php\/2025\/12\/13\/este-domingo-son-las-elecciones-presidenciales-de-chile-quien-ganaria-segun-encuestas\/","title":{"rendered":"Este domingo son las elecciones presidenciales de Chile: qui\u00e9n ganar\u00eda, seg\u00fan encuestas"},"content":{"rendered":"<p>El pr\u00f3ximo domingo 14 de diciembre\u00a0se realizar\u00e1 la segunda vuelta de las elecciones presidenciales de Chile, donde Jos\u00e9 Antonio Kars encabeza las preferencias, lo que abre la posibilidad de un retorno a un conservadurismo similar a la\u00a0dictadura\u00a0de Augusto Pinochet.<\/p>\n<p>La contienda entre los ocho candidatos se cerr\u00f3 en Jeannette Jara y Jos\u00e9 Antonio Kars, perfiles que representan a la izquierda y derecha, respectivamente.<\/p>\n<p>\u00c9stos son los candidatos a la presidencia:<\/p>\n<ul class=\"wp-block-list\">\n<li>Jeannette Jara (Partido Comunista de Chile)<\/li>\n<li>Jos\u00e9 Antonio Kars (Partido Rep\u00fablicano de Chile)<\/li>\n<li>Francisco Parisi (Partido de la Gente)<\/li>\n<li>Johannes Kaiser (Partido Nacional Libertario)<\/li>\n<li>Evelyn Matthei (Uni\u00f3n Democr\u00e1tica Independiente)<\/li>\n<li>Harold Mayne Nicholls (Independiente)<\/li>\n<li>Marco Enr\u00edquez-Ominami (Independiente)<\/li>\n<\/ul>\n<p>La primera vuelta\u00a0del proceso electoral ocurri\u00f3 el pasado 16 de noviembre. Ninguno de los ocho candidatos tuvo m\u00e1s del 50% de votos. Jara aventaj\u00f3 con el 26.8% de votos, mientras que Kast concentr\u00f3 el 23.9%.<\/p>\n<div class=\"code-block code-block-2\">\n<div class=\"truvidPos\">Desde entonces, la balanza comenz\u00f3 a inclinarse hacia Jos\u00e9 Antonio Kars, quien aventaja a Jeannete Jara por 10 puntos, seg\u00fan las \u00faltimas encuestas.<\/div>\n<\/div>\n<div class=\"code-block code-block-8\">\n<div class=\"code-block\">Este cambio ocurri\u00f3 despu\u00e9s de que Jos\u00e9 Antonio Kars recibi\u00f3 el apoyo de Evelyn Matthei y Johannes Kaiser. Sus pocos votos ahora ser\u00edan a favor del ultraderechista.<\/div>\n<\/div>\n<p>La posible victoria de Jos\u00e9 Antonio Kars en las elecciones presidenciales marcar\u00eda un giro de casi 360 grados en Chile, pues\u00a0ser\u00eda el primer gobierno conservador desde la dictadura de Pinochet, entre 1973 y 1990.<\/p>\n<p>Esta inclinaci\u00f3n del votante responde una oleada de gobiernos derechistas que recorre toda\u00a0<a href=\"https:\/\/www.unotv.com\/estilo-de-vida\/gastronomia\/el-mejor-queso-de-latinoamerica-andante-de-queretaro-ganador-en-los-cheese-awards\/\">Am\u00e9rica Latina<\/a>, tras gobiernos de izquierda.<\/p>\n<h2 id=\"h-quien-es-jose-antonio-kars\" class=\"wp-block-heading\">\u00bfQui\u00e9n es Jos\u00e9 Antonio Kars?<\/h2>\n<p>Naci\u00f3 el 18 de enero de 1996. Abogado de profesi\u00f3n, comenz\u00f3 su trayectoria pol\u00edtica como concejal de Buin, una comuna de la Regi\u00f3n Metropolitana. En a\u00f1os siguientes, ejerci\u00f3 como diputado con la Uni\u00f3n Democr\u00e1tica Independiente (UDO), con quienes se reeligi\u00f3 en tres ocasiones.<\/p>\n<p>Un a\u00f1o despu\u00e9s de dejar el partido, fue candidato presidencial independiente. Qued\u00f3 en el cuarto lugar de votos.<\/p>\n<p>Durante el 2019, fund\u00f3 el Partido Republicano de Chile, con el que\u00a0nuevamente se candidate\u00f3\u00a0para la presidencia en 2021. Aunque gan\u00f3 la primera vuelta, perdi\u00f3 en la segunda contra Gabriel Boric, actual presidente.<\/p>\n<p>En 2023,\u00a0Jos\u00e9 Antonio Kars convirti\u00f3 en una figura clave de la oposici\u00f3n, toda vez que su partido gan\u00f3 m\u00e1s representaci\u00f3n en el Consejo Constitucional.<\/p>\n<p>Como otros perfiles de derecha, sostiene una agenda de conservadurismo social y moral; un libertarismo econ\u00f3mico y posturas antiinmigraci\u00f3n. No obstante, el candidato se destaca principalmente por\u00a0su apoyo a la dictadura de\u00a0Pinochet.<\/p>\n<p>Jos\u00e9 Antonio Kars incluso hizo campa\u00f1a como estudiante para mantener a Pinochet en el poder chileno durante el refer\u00e9ndum de 1988.<\/p>\n<h2 id=\"h-trayectoria-de-jeannette-jara\" class=\"wp-block-heading\">Trayectoria de Jeannette Jara<\/h2>\n<p>Naci\u00f3 el 23 de septiembre de 1974 y se gradu\u00f3 como abogada y administradora p\u00fablica. Empez\u00f3 su trayectoria pol\u00edtica como funcionaria de servicios administrativos, en 2005.<\/p>\n<p>Despu\u00e9s\u00a0escal\u00f3 a cargos relevantes en el gobierno de Michelle Bachelet. Ejerci\u00f3 como ministra del Trabajo y Previsi\u00f3n Social entre 2022 y 2024, en el gobierno de Gabriel Boric.<\/p>\n<p>Representa a la izquierda con una\u00a0defensa a favor de las pensiones, seguridad social y derechos laborales. Impuls\u00f3 la reducci\u00f3n de la\u00a0jornada laboral.<\/p>\n<figure id=\"attachment_6774\" aria-describedby=\"caption-attachment-6774\" style=\"width: 300px\" class=\"wp-caption alignnone\"><img loading=\"lazy\" decoding=\"async\" class=\"size-medium wp-image-6774\" src=\"https:\/\/lavozdedelicias.com\/wp-content\/uploads\/2025\/12\/este-domingo-son-las-elecciones-presidenciales-de-chile-quien-ganaria-segun-encuestas-112358-300x169.jpg\" alt=\"\" width=\"300\" height=\"169\" srcset=\"https:\/\/lavozdedelicias.com\/wp-content\/uploads\/2025\/12\/este-domingo-son-las-elecciones-presidenciales-de-chile-quien-ganaria-segun-encuestas-112358-300x169.jpg 300w, https:\/\/lavozdedelicias.com\/wp-content\/uploads\/2025\/12\/este-domingo-son-las-elecciones-presidenciales-de-chile-quien-ganaria-segun-encuestas-112358-1024x576.jpg 1024w, https:\/\/lavozdedelicias.com\/wp-content\/uploads\/2025\/12\/este-domingo-son-las-elecciones-presidenciales-de-chile-quien-ganaria-segun-encuestas-112358-768x432.jpg 768w, https:\/\/lavozdedelicias.com\/wp-content\/uploads\/2025\/12\/este-domingo-son-las-elecciones-presidenciales-de-chile-quien-ganaria-segun-encuestas-112358-390x220.jpg 390w, https:\/\/lavozdedelicias.com\/wp-content\/uploads\/2025\/12\/este-domingo-son-las-elecciones-presidenciales-de-chile-quien-ganaria-segun-encuestas-112358.jpg 1200w\" sizes=\"auto, (max-width: 300px) 100vw, 300px\" \/><figcaption id=\"caption-attachment-6774\" class=\"wp-caption-text\">Una mujer lleva un pin que representa al ex dictador chileno Augusto Pinochet mientras partidarios de Johannes Kaiser, candidato presidencial del ultraderechista Partido Nacional Libertario, esperan el mitin de cierre de campa\u00f1a de Kaiser antes de las elecciones presidenciales del 16 de noviembre, en Santiago, Chile, el 12 de noviembre de 2025. REUTERS\/Juan Gonzalez<\/figcaption><\/figure>\n","protected":false},"excerpt":{"rendered":"<p>El pr\u00f3ximo domingo 14 de diciembre\u00a0se realizar\u00e1 la segunda vuelta de las elecciones presidenciales de Chile, donde Jos\u00e9 Antonio Kars encabeza las preferencias, lo que abre la posibilidad de un retorno a un conservadurismo similar a la\u00a0dictadura\u00a0de Augusto Pinochet. La contienda entre los ocho candidatos se cerr\u00f3 en Jeannette Jara y Jos\u00e9 Antonio Kars, perfiles &hellip;<\/p>\n","protected":false},"author":2,"featured_media":6774,"comment_status":"open","ping_status":"closed","sticky":false,"template":"","format":"standard","meta":{"footnotes":""},"categories":[29],"tags":[],"class_list":["post-6773","post","type-post","status-publish","format-standard","has-post-thumbnail","hentry","category-internacional"],"_links":{"self":[{"href":"https:\/\/lavozdedelicias.com\/index.php\/wp-json\/wp\/v2\/posts\/6773","targetHints":{"allow":["GET"]}}],"collection":[{"href":"https:\/\/lavozdedelicias.com\/index.php\/wp-json\/wp\/v2\/posts"}],"about":[{"href":"https:\/\/lavozdedelicias.com\/index.php\/wp-json\/wp\/v2\/types\/post"}],"author":[{"embeddable":true,"href":"https:\/\/lavozdedelicias.com\/index.php\/wp-json\/wp\/v2\/users\/2"}],"replies":[{"embeddable":true,"href":"https:\/\/lavozdedelicias.com\/index.php\/wp-json\/wp\/v2\/comments?post=6773"}],"version-history":[{"count":1,"href":"https:\/\/lavozdedelicias.com\/index.php\/wp-json\/wp\/v2\/posts\/6773\/revisions"}],"predecessor-version":[{"id":6775,"href":"https:\/\/lavozdedelicias.com\/index.php\/wp-json\/wp\/v2\/posts\/6773\/revisions\/6775"}],"wp:featuredmedia":[{"embeddable":true,"href":"https:\/\/lavozdedelicias.com\/index.php\/wp-json\/wp\/v2\/media\/6774"}],"wp:attachment":[{"href":"https:\/\/lavozdedelicias.com\/index.php\/wp-json\/wp\/v2\/media?parent=6773"}],"wp:term":[{"taxonomy":"category","embeddable":true,"href":"https:\/\/lavozdedelicias.com\/index.php\/wp-json\/wp\/v2\/categories?post=6773"},{"taxonomy":"post_tag","embeddable":true,"href":"https:\/\/lavozdedelicias.com\/index.php\/wp-json\/wp\/v2\/tags?post=6773"}],"curies":[{"name":"wp","href":"https:\/\/api.w.org\/{rel}","templated":true}]}}