{"id":6405,"date":"2025-11-11T03:14:55","date_gmt":"2025-11-11T03:14:55","guid":{"rendered":"https:\/\/lavozdedelicias.com\/?p=6405"},"modified":"2025-11-11T03:14:55","modified_gmt":"2025-11-11T03:14:55","slug":"cumplimenta-fiscalia-orden-de-aprehension-contra-presunto-secuestrador-de-empresario-en-juarez","status":"publish","type":"post","link":"https:\/\/lavozdedelicias.com\/index.php\/2025\/11\/11\/cumplimenta-fiscalia-orden-de-aprehension-contra-presunto-secuestrador-de-empresario-en-juarez\/","title":{"rendered":"Cumplimenta Fiscal\u00eda orden de aprehensi\u00f3n contra presunto secuestrador de empresario en Ju\u00e1rez"},"content":{"rendered":"<p>Personal de la Unidad Modelo de Atenci\u00f3n al Delito de Secuestro, de la Fiscal\u00eda Especializada en Operaciones Estrat\u00e9gicas, cumpliment\u00f3 una orden de aprehensi\u00f3n en contra de un tercer presunto involucrado en el secuestro de un empresario en Ciudad Ju\u00e1rez.<\/p>\n<p>Las investigaciones que se llevan a cabo para el esclarecimiento del caso, permitieron detener a quien fue identificado como Bryan Eduardo G. R., de 19 a\u00f1os de edad.<\/p>\n<p>Se le formular\u00e1 imputaci\u00f3n por los delitos de secuestro agravado y homicidio calificado, bajo la Causa Penal 5665\/2025.<\/p>\n<p>Dicha orden de aprehensi\u00f3n fue librada por el Juez de Primera Instancia del Sistema Acusatorio, actuando en materia de Control, del Distrito Judicial Bravos, por lo que fue puesto a su disposici\u00f3n para la audiencia de formulaci\u00f3n.<\/p>\n<p>La Fiscal\u00eda Especializada contin\u00faa las investigaciones para detener a m\u00e1s implicados en este caso y llevarlos ante la justicia.<\/p>\n<p>La Fiscal\u00eda General de Estado reitera su compromiso con los sectores sociales para el esclarecimiento de este caso y evitar que el delito de secuestro vuelva a instalarse en Ciudad Ju\u00e1rez.<\/p>\n<p>**De acuerdo con las leyes y normas vigentes, el imputado se presume inocente mientras no se declare su responsabilidad mediante sentencia emitida por la autoridad judicial (art\u00edculo 13 del C\u00f3digo Nacional de Procedimientos Penales).<\/p>\n<p><img loading=\"lazy\" decoding=\"async\" class=\"alignnone size-medium wp-image-6406\" src=\"https:\/\/lavozdedelicias.com\/wp-content\/uploads\/2025\/11\/WhatsApp-Image-2025-11-10-at-12.39.14-PM-249x300.jpeg\" alt=\"\" width=\"249\" height=\"300\" srcset=\"https:\/\/lavozdedelicias.com\/wp-content\/uploads\/2025\/11\/WhatsApp-Image-2025-11-10-at-12.39.14-PM-249x300.jpeg 249w, https:\/\/lavozdedelicias.com\/wp-content\/uploads\/2025\/11\/WhatsApp-Image-2025-11-10-at-12.39.14-PM-850x1024.jpeg 850w, https:\/\/lavozdedelicias.com\/wp-content\/uploads\/2025\/11\/WhatsApp-Image-2025-11-10-at-12.39.14-PM-768x925.jpeg 768w, https:\/\/lavozdedelicias.com\/wp-content\/uploads\/2025\/11\/WhatsApp-Image-2025-11-10-at-12.39.14-PM-1275x1536.jpeg 1275w, https:\/\/lavozdedelicias.com\/wp-content\/uploads\/2025\/11\/WhatsApp-Image-2025-11-10-at-12.39.14-PM.jpeg 1327w\" sizes=\"auto, (max-width: 249px) 100vw, 249px\" \/><\/p>\n","protected":false},"excerpt":{"rendered":"<p>Personal de la Unidad Modelo de Atenci\u00f3n al Delito de Secuestro, de la Fiscal\u00eda Especializada en Operaciones Estrat\u00e9gicas, cumpliment\u00f3 una orden de aprehensi\u00f3n en contra de un tercer presunto involucrado en el secuestro de un empresario en Ciudad Ju\u00e1rez. Las investigaciones que se llevan a cabo para el esclarecimiento del caso, permitieron detener a quien &hellip;<\/p>\n","protected":false},"author":2,"featured_media":6406,"comment_status":"open","ping_status":"closed","sticky":false,"template":"","format":"standard","meta":{"footnotes":""},"categories":[27],"tags":[],"class_list":["post-6405","post","type-post","status-publish","format-standard","has-post-thumbnail","hentry","category-el-estado"],"_links":{"self":[{"href":"https:\/\/lavozdedelicias.com\/index.php\/wp-json\/wp\/v2\/posts\/6405","targetHints":{"allow":["GET"]}}],"collection":[{"href":"https:\/\/lavozdedelicias.com\/index.php\/wp-json\/wp\/v2\/posts"}],"about":[{"href":"https:\/\/lavozdedelicias.com\/index.php\/wp-json\/wp\/v2\/types\/post"}],"author":[{"embeddable":true,"href":"https:\/\/lavozdedelicias.com\/index.php\/wp-json\/wp\/v2\/users\/2"}],"replies":[{"embeddable":true,"href":"https:\/\/lavozdedelicias.com\/index.php\/wp-json\/wp\/v2\/comments?post=6405"}],"version-history":[{"count":1,"href":"https:\/\/lavozdedelicias.com\/index.php\/wp-json\/wp\/v2\/posts\/6405\/revisions"}],"predecessor-version":[{"id":6407,"href":"https:\/\/lavozdedelicias.com\/index.php\/wp-json\/wp\/v2\/posts\/6405\/revisions\/6407"}],"wp:featuredmedia":[{"embeddable":true,"href":"https:\/\/lavozdedelicias.com\/index.php\/wp-json\/wp\/v2\/media\/6406"}],"wp:attachment":[{"href":"https:\/\/lavozdedelicias.com\/index.php\/wp-json\/wp\/v2\/media?parent=6405"}],"wp:term":[{"taxonomy":"category","embeddable":true,"href":"https:\/\/lavozdedelicias.com\/index.php\/wp-json\/wp\/v2\/categories?post=6405"},{"taxonomy":"post_tag","embeddable":true,"href":"https:\/\/lavozdedelicias.com\/index.php\/wp-json\/wp\/v2\/tags?post=6405"}],"curies":[{"name":"wp","href":"https:\/\/api.w.org\/{rel}","templated":true}]}}