{"id":6402,"date":"2025-11-11T03:07:38","date_gmt":"2025-11-11T03:07:38","guid":{"rendered":"https:\/\/lavozdedelicias.com\/?p=6402"},"modified":"2025-11-11T03:07:38","modified_gmt":"2025-11-11T03:07:38","slug":"vinculan-a-proceso-a-imputado-por-violacion-y-secuestro","status":"publish","type":"post","link":"https:\/\/lavozdedelicias.com\/index.php\/2025\/11\/11\/vinculan-a-proceso-a-imputado-por-violacion-y-secuestro\/","title":{"rendered":"Vinculan a proceso a imputado por violaci\u00f3n y secuestro"},"content":{"rendered":"<p>La Fiscal\u00eda Especializada en Atenci\u00f3n a Mujeres V\u00edctimas del Delito por Razones de G\u00e9nero y a la Familia, obtuvo la vinculaci\u00f3n a proceso de Juan Alejandro S. C., por los probables delitos de violaci\u00f3n agravada y secuestro.<\/p>\n<p>En la continuaci\u00f3n de la audiencia inicial, la agente del Ministerio P\u00fablico acredit\u00f3 la probable responsabilidad del imputado, de 27 a\u00f1os de edad, por hechos ocurridos el 30 de junio del a\u00f1o 2025, en Ciudad Ju\u00e1rez.<\/p>\n<p>De acuerdo con lo expuesto por la representaci\u00f3n social, el imputado priv\u00f3 de la libertad a la v\u00edctima, la llev\u00f3 a un hotel abandonado que se ubica en la colonia Waterfil R\u00edo Bravo, en donde por medio de la fuerza f\u00edsica y psicol\u00f3gica, la agredi\u00f3 sexualmente.<\/p>\n<p>El imputado plane\u00f3 llevar a la v\u00edctima a sacar dinero a un cajero en el mismo veh\u00edculo de la afectada, sin embargo, en el trayecto forcejaron y se impactaron en la calle Ram\u00f3n Ray\u00f3n de la colonia Zaragoza.<\/p>\n<p>Posteriormente, elementos de la Agencia Estatal de Investigaci\u00f3n le cumplimentaron una orden de aprehensi\u00f3n.<\/p>\n<p>El Juez de Control del Distrito Judicial Bravos conocedor de la causa penal, consider\u00f3 lo expuesto por la representaci\u00f3n social para dictar auto de vinculaci\u00f3n a proceso contra el imputado, situaci\u00f3n jur\u00eddica que enfrentar\u00e1 bajo la medida cautelar de prisi\u00f3n preventiva.<\/p>\n<p>Se estableci\u00f3 un plazo de seis meses para el cierre de las investigaciones complementarias.<\/p>\n<p>**De acuerdo con las leyes y normas vigentes, el imputado se presume inocente mientras no se declare su responsabilidad mediante sentencia emitida por la autoridad judicial (art\u00edculo 13 del C\u00f3digo Nacional de Procedimientos Penales).<\/p>\n<p><img loading=\"lazy\" decoding=\"async\" class=\"alignnone size-medium wp-image-6403\" src=\"https:\/\/lavozdedelicias.com\/wp-content\/uploads\/2025\/11\/WhatsApp-Image-2025-11-10-at-2.31.40-PM-300x286.jpeg\" alt=\"\" width=\"300\" height=\"286\" srcset=\"https:\/\/lavozdedelicias.com\/wp-content\/uploads\/2025\/11\/WhatsApp-Image-2025-11-10-at-2.31.40-PM-300x286.jpeg 300w, https:\/\/lavozdedelicias.com\/wp-content\/uploads\/2025\/11\/WhatsApp-Image-2025-11-10-at-2.31.40-PM-768x732.jpeg 768w, https:\/\/lavozdedelicias.com\/wp-content\/uploads\/2025\/11\/WhatsApp-Image-2025-11-10-at-2.31.40-PM.jpeg 840w\" sizes=\"auto, (max-width: 300px) 100vw, 300px\" \/><\/p>\n","protected":false},"excerpt":{"rendered":"<p>La Fiscal\u00eda Especializada en Atenci\u00f3n a Mujeres V\u00edctimas del Delito por Razones de G\u00e9nero y a la Familia, obtuvo la vinculaci\u00f3n a proceso de Juan Alejandro S. C., por los probables delitos de violaci\u00f3n agravada y secuestro. En la continuaci\u00f3n de la audiencia inicial, la agente del Ministerio P\u00fablico acredit\u00f3 la probable responsabilidad del imputado, &hellip;<\/p>\n","protected":false},"author":2,"featured_media":6403,"comment_status":"open","ping_status":"closed","sticky":false,"template":"","format":"standard","meta":{"footnotes":""},"categories":[27],"tags":[],"class_list":["post-6402","post","type-post","status-publish","format-standard","has-post-thumbnail","hentry","category-el-estado"],"_links":{"self":[{"href":"https:\/\/lavozdedelicias.com\/index.php\/wp-json\/wp\/v2\/posts\/6402","targetHints":{"allow":["GET"]}}],"collection":[{"href":"https:\/\/lavozdedelicias.com\/index.php\/wp-json\/wp\/v2\/posts"}],"about":[{"href":"https:\/\/lavozdedelicias.com\/index.php\/wp-json\/wp\/v2\/types\/post"}],"author":[{"embeddable":true,"href":"https:\/\/lavozdedelicias.com\/index.php\/wp-json\/wp\/v2\/users\/2"}],"replies":[{"embeddable":true,"href":"https:\/\/lavozdedelicias.com\/index.php\/wp-json\/wp\/v2\/comments?post=6402"}],"version-history":[{"count":1,"href":"https:\/\/lavozdedelicias.com\/index.php\/wp-json\/wp\/v2\/posts\/6402\/revisions"}],"predecessor-version":[{"id":6404,"href":"https:\/\/lavozdedelicias.com\/index.php\/wp-json\/wp\/v2\/posts\/6402\/revisions\/6404"}],"wp:featuredmedia":[{"embeddable":true,"href":"https:\/\/lavozdedelicias.com\/index.php\/wp-json\/wp\/v2\/media\/6403"}],"wp:attachment":[{"href":"https:\/\/lavozdedelicias.com\/index.php\/wp-json\/wp\/v2\/media?parent=6402"}],"wp:term":[{"taxonomy":"category","embeddable":true,"href":"https:\/\/lavozdedelicias.com\/index.php\/wp-json\/wp\/v2\/categories?post=6402"},{"taxonomy":"post_tag","embeddable":true,"href":"https:\/\/lavozdedelicias.com\/index.php\/wp-json\/wp\/v2\/tags?post=6402"}],"curies":[{"name":"wp","href":"https:\/\/api.w.org\/{rel}","templated":true}]}}