{"id":6277,"date":"2025-11-07T01:42:00","date_gmt":"2025-11-07T01:42:00","guid":{"rendered":"https:\/\/lavozdedelicias.com\/?p=6277"},"modified":"2025-11-07T01:42:00","modified_gmt":"2025-11-07T01:42:00","slug":"vinculado-a-proceso-por-agresion-sexual-de-menor-de-edad-en-los-mezquites","status":"publish","type":"post","link":"https:\/\/lavozdedelicias.com\/index.php\/2025\/11\/07\/vinculado-a-proceso-por-agresion-sexual-de-menor-de-edad-en-los-mezquites\/","title":{"rendered":"Vinculado a proceso por agresi\u00f3n sexual de menor de edad en Los Mezquites"},"content":{"rendered":"<p>La Fiscal\u00eda Especializada en Atenci\u00f3n a Mujeres V\u00edctimas del Delito por Razones de G\u00e9nero y a la Familia, obtuvo la vinculaci\u00f3n a proceso del imputado Adolfo Ram\u00f3n E. M., por su posible participaci\u00f3n en el delito de violaci\u00f3n agravada.<\/p>\n<p>Para obtener esa resoluci\u00f3n dictada por la Juez de Control del Distrito Judicial Morelos conocedor de la causa penal, agentes del Ministerio P\u00fablico, acreditaron con datos de prueba fehacientes, consistentes en partes policiales, testimoniales e informes periciales, la probable responsabilidad del imputado.<\/p>\n<p>La imputaci\u00f3n en contra de Adolfo Ram\u00f3n E.M., refiere que en septiembre del a\u00f1o 2022 y mayo del a\u00f1o 2023, agredi\u00f3 sexualmente a una ni\u00f1a al interior de la colonia Los Mezquites, en la ciudad de Chihuahua.<\/p>\n<p>El imputado fue detenido con una orden de aprehensi\u00f3n el 14 de octubre del 2025, en la colonia La Soledad en la ciudad de Chihuahua.<\/p>\n<p>Tras resolverse la situaci\u00f3n jur\u00eddica del imputado, el \u00d3rgano jurisdiccional le impuso la medida cautelar de prisi\u00f3n preventiva.<\/p>\n<p>***De acuerdo con las leyes y normas vigentes, el imputado se presume inocente mientras no se declare su responsabilidad mediante sentencia emitida por la autoridad judicial (art\u00edculo 13 del C\u00f3digo Nacional de Procedimientos Penales)<\/p>\n<p><img loading=\"lazy\" decoding=\"async\" class=\"alignnone size-medium wp-image-6278\" src=\"https:\/\/lavozdedelicias.com\/wp-content\/uploads\/2025\/11\/WhatsApp-Image-2025-11-06-at-3.44.09-PM-261x300.jpeg\" alt=\"\" width=\"261\" height=\"300\" srcset=\"https:\/\/lavozdedelicias.com\/wp-content\/uploads\/2025\/11\/WhatsApp-Image-2025-11-06-at-3.44.09-PM-261x300.jpeg 261w, https:\/\/lavozdedelicias.com\/wp-content\/uploads\/2025\/11\/WhatsApp-Image-2025-11-06-at-3.44.09-PM-892x1024.jpeg 892w, https:\/\/lavozdedelicias.com\/wp-content\/uploads\/2025\/11\/WhatsApp-Image-2025-11-06-at-3.44.09-PM-768x881.jpeg 768w, https:\/\/lavozdedelicias.com\/wp-content\/uploads\/2025\/11\/WhatsApp-Image-2025-11-06-at-3.44.09-PM-1338x1536.jpeg 1338w, https:\/\/lavozdedelicias.com\/wp-content\/uploads\/2025\/11\/WhatsApp-Image-2025-11-06-at-3.44.09-PM.jpeg 1394w\" sizes=\"auto, (max-width: 261px) 100vw, 261px\" \/><\/p>\n","protected":false},"excerpt":{"rendered":"<p>La Fiscal\u00eda Especializada en Atenci\u00f3n a Mujeres V\u00edctimas del Delito por Razones de G\u00e9nero y a la Familia, obtuvo la vinculaci\u00f3n a proceso del imputado Adolfo Ram\u00f3n E. M., por su posible participaci\u00f3n en el delito de violaci\u00f3n agravada. Para obtener esa resoluci\u00f3n dictada por la Juez de Control del Distrito Judicial Morelos conocedor de &hellip;<\/p>\n","protected":false},"author":2,"featured_media":6278,"comment_status":"open","ping_status":"closed","sticky":false,"template":"","format":"standard","meta":{"footnotes":""},"categories":[27],"tags":[],"class_list":["post-6277","post","type-post","status-publish","format-standard","has-post-thumbnail","hentry","category-el-estado"],"_links":{"self":[{"href":"https:\/\/lavozdedelicias.com\/index.php\/wp-json\/wp\/v2\/posts\/6277","targetHints":{"allow":["GET"]}}],"collection":[{"href":"https:\/\/lavozdedelicias.com\/index.php\/wp-json\/wp\/v2\/posts"}],"about":[{"href":"https:\/\/lavozdedelicias.com\/index.php\/wp-json\/wp\/v2\/types\/post"}],"author":[{"embeddable":true,"href":"https:\/\/lavozdedelicias.com\/index.php\/wp-json\/wp\/v2\/users\/2"}],"replies":[{"embeddable":true,"href":"https:\/\/lavozdedelicias.com\/index.php\/wp-json\/wp\/v2\/comments?post=6277"}],"version-history":[{"count":1,"href":"https:\/\/lavozdedelicias.com\/index.php\/wp-json\/wp\/v2\/posts\/6277\/revisions"}],"predecessor-version":[{"id":6279,"href":"https:\/\/lavozdedelicias.com\/index.php\/wp-json\/wp\/v2\/posts\/6277\/revisions\/6279"}],"wp:featuredmedia":[{"embeddable":true,"href":"https:\/\/lavozdedelicias.com\/index.php\/wp-json\/wp\/v2\/media\/6278"}],"wp:attachment":[{"href":"https:\/\/lavozdedelicias.com\/index.php\/wp-json\/wp\/v2\/media?parent=6277"}],"wp:term":[{"taxonomy":"category","embeddable":true,"href":"https:\/\/lavozdedelicias.com\/index.php\/wp-json\/wp\/v2\/categories?post=6277"},{"taxonomy":"post_tag","embeddable":true,"href":"https:\/\/lavozdedelicias.com\/index.php\/wp-json\/wp\/v2\/tags?post=6277"}],"curies":[{"name":"wp","href":"https:\/\/api.w.org\/{rel}","templated":true}]}}