{"id":6062,"date":"2025-10-24T04:08:22","date_gmt":"2025-10-24T04:08:22","guid":{"rendered":"https:\/\/lavozdedelicias.com\/?p=6062"},"modified":"2025-10-24T04:08:22","modified_gmt":"2025-10-24T04:08:22","slug":"primer-ano-de-sheinbaum-suma-25-mil-homicidios-en-el-de-calderon-fueron-13-mil","status":"publish","type":"post","link":"https:\/\/lavozdedelicias.com\/index.php\/2025\/10\/24\/primer-ano-de-sheinbaum-suma-25-mil-homicidios-en-el-de-calderon-fueron-13-mil\/","title":{"rendered":"Primer a\u00f1o de Sheinbaum suma 25 mil homicidios; en el de Calder\u00f3n fueron 13 mil"},"content":{"rendered":"<p>En su\u00a0primer informe de gobierno, la presidenta\u00a0Claudia Sheinbaum\u00a0destac\u00f3 un descenso en los\u00a0homicidios diarios, que pasaron de 86.9 (registrados en el \u00faltimo a\u00f1o de su predecesor), al inicio de su mandato, a 59.2 al cierre de su primer a\u00f1o, con un total de\u00a025 mil 760 homicidios.<\/p>\n<p>Aunque la cifra global sigue siendo elevada, el promedio diario evidencia una tendencia a la baja, lo que contrasta con el inicio del gobierno de\u00a0Felipe Calder\u00f3n, quien report\u00f3 13 mil 775 homicidios, marcando el arranque de un sexenio con un incremento significativo de la violencia.<\/p>\n<h2 id=\"h-sheinbaum-27-homicidios-diarios-menos\" class=\"wp-block-heading\">Sheinbaum: 27 homicidios diarios menos<\/h2>\n<p>Durante su primer a\u00f1o, el\u00a0SESNSP\u00a0reporta que hubo\u00a027 homicidios dolosos diarios menos\u00a0que al inicio del mandato. Seg\u00fan el secretario de Seguridad,\u00a0Omar Garc\u00eda Harfuch, esto representa una reducci\u00f3n del 32% respecto a a\u00f1os previos, acompa\u00f1ada de un aumento en la destrucci\u00f3n de laboratorios, decomisos de droga y armas por parte de fuerzas federales.<\/p>\n<p>Las autoridades atribuyen esta disminuci\u00f3n a la aplicaci\u00f3n de\u00a0estrategias de seguridad\u00a0y a la coordinaci\u00f3n entre instancias\u00a0federales, estatales y locales, as\u00ed como al fortalecimiento de operativos contra el crimen organizado.<\/p>\n<div class=\"code-block code-block-2\">\n<div class=\"truvidPos\"><span style=\"font-size: 24px; font-weight: bold;\">AMLO: repunte en el primer a\u00f1o<\/span><\/div>\n<\/div>\n<p>En 2019, el primer a\u00f1o del gobierno de\u00a0Andr\u00e9s Manuel L\u00f3pez Obrador, se registraron\u00a034 mil 582 homicidios dolosos, lo que signific\u00f3 un aumento del 2.5% respecto a 2018, considerado hasta entonces el per\u00edodo m\u00e1s violento. El promedio diario aproximado fue de\u00a095 homicidios, evidenciando un\u00a0repunte en la violencia\u00a0pese a las pol\u00edticas implementadas durante el arranque de su sexenio.<\/p>\n<div class=\"code-block code-block-8\">\n<div class=\"code-block\"><span style=\"font-size: 24px; font-weight: bold;\">Pe\u00f1a Nieto: cifras moderadas y estabilidad relativa<\/span><\/div>\n<\/div>\n<p>Durante el primer a\u00f1o de\u00a0Enrique Pe\u00f1a Nieto (2013)\u00a0se contabilizaron\u00a018 mil 106 homicidios, con un promedio diario de 49.6. Aunque inferior al de Calder\u00f3n y AMLO, estas cifras muestran que la\u00a0violencia permaneci\u00f3 como un reto estructural, y que no se logr\u00f3 una reducci\u00f3n sustancial en los primeros meses de gobierno.<\/p>\n<h2 id=\"h-calderon-inicio-con-aumento-significativo\" class=\"wp-block-heading\">Calder\u00f3n: inicio con aumento significativo<\/h2>\n<p>En 2007, primer a\u00f1o del gobierno de Felipe Calder\u00f3n, se contabilizaron\u00a013 mil 775 homicidios dolosos, aunque algunas estimaciones oficiales hablan de un\u00a0promedio diario de 75 asesinatos, que dar\u00eda\u00a0m\u00e1s de 27 mil casos anuales.<\/p>\n<p>La cifra incluy\u00f3 homicidios dolosos y culposos, seg\u00fan la Secretar\u00eda de Seguridad P\u00fablica de aquel entonces, y reflej\u00f3 el arranque de un sexenio con\u00a0incremento notable de la violencia, especialmente por la estrategia de combate al narcotr\u00e1fico que gener\u00f3 enfrentamientos con c\u00e1rteles a nivel nacional.<\/p>\n<h2 id=\"h-comparativo-historico-y-tendencias\" class=\"wp-block-heading\">Comparativo hist\u00f3rico y tendencias<\/h2>\n<p>Al comparar los primeros a\u00f1os de estos cuatro gobiernos se observa que, aunque el\u00a0total de homicidios ha aumentado con el tiempo, la administraci\u00f3n de\u00a0Sheinbaum\u00a0muestra un descenso en el\u00a0promedio diario.<\/p>\n<p>Es importante recordar que el primer a\u00f1o de Calder\u00f3n incluye homicidios dolosos y culposos, mientras que en los sexenios posteriores se reportan \u00fanicamente los\u00a0homicidios dolosos, por lo que el total global es mucho mayor.<\/p>\n<p>Adicionalmente, los\u00a0reportes del SESNSP solo contabilizan homicidios denunciados, y la\u00a0cifra podr\u00eda ser mayor si se toman en cuenta actas de defunci\u00f3n, como lo hace el INEGI.<\/p>\n<p>El desaf\u00edo de la\u00a0seguridad en M\u00e9xico\u00a0sigue siendo considerable y requiere\u00a0seguimiento constante\u00a0y medidas sostenidas para reducir la violencia de manera estructural.<\/p>\n<p><img loading=\"lazy\" decoding=\"async\" class=\"alignnone size-medium wp-image-6063\" src=\"https:\/\/lavozdedelicias.com\/wp-content\/uploads\/2025\/10\/la-cira-de-homicidios-150545-300x169.jpg\" alt=\"\" width=\"300\" height=\"169\" srcset=\"https:\/\/lavozdedelicias.com\/wp-content\/uploads\/2025\/10\/la-cira-de-homicidios-150545-300x169.jpg 300w, https:\/\/lavozdedelicias.com\/wp-content\/uploads\/2025\/10\/la-cira-de-homicidios-150545-1024x576.jpg 1024w, https:\/\/lavozdedelicias.com\/wp-content\/uploads\/2025\/10\/la-cira-de-homicidios-150545-768x432.jpg 768w, https:\/\/lavozdedelicias.com\/wp-content\/uploads\/2025\/10\/la-cira-de-homicidios-150545-390x220.jpg 390w, https:\/\/lavozdedelicias.com\/wp-content\/uploads\/2025\/10\/la-cira-de-homicidios-150545.jpg 1200w\" sizes=\"auto, (max-width: 300px) 100vw, 300px\" \/><\/p>\n","protected":false},"excerpt":{"rendered":"<p>En su\u00a0primer informe de gobierno, la presidenta\u00a0Claudia Sheinbaum\u00a0destac\u00f3 un descenso en los\u00a0homicidios diarios, que pasaron de 86.9 (registrados en el \u00faltimo a\u00f1o de su predecesor), al inicio de su mandato, a 59.2 al cierre de su primer a\u00f1o, con un total de\u00a025 mil 760 homicidios. Aunque la cifra global sigue siendo elevada, el promedio diario &hellip;<\/p>\n","protected":false},"author":2,"featured_media":6063,"comment_status":"open","ping_status":"closed","sticky":false,"template":"","format":"standard","meta":{"footnotes":""},"categories":[28],"tags":[],"class_list":["post-6062","post","type-post","status-publish","format-standard","has-post-thumbnail","hentry","category-nacionales"],"_links":{"self":[{"href":"https:\/\/lavozdedelicias.com\/index.php\/wp-json\/wp\/v2\/posts\/6062","targetHints":{"allow":["GET"]}}],"collection":[{"href":"https:\/\/lavozdedelicias.com\/index.php\/wp-json\/wp\/v2\/posts"}],"about":[{"href":"https:\/\/lavozdedelicias.com\/index.php\/wp-json\/wp\/v2\/types\/post"}],"author":[{"embeddable":true,"href":"https:\/\/lavozdedelicias.com\/index.php\/wp-json\/wp\/v2\/users\/2"}],"replies":[{"embeddable":true,"href":"https:\/\/lavozdedelicias.com\/index.php\/wp-json\/wp\/v2\/comments?post=6062"}],"version-history":[{"count":1,"href":"https:\/\/lavozdedelicias.com\/index.php\/wp-json\/wp\/v2\/posts\/6062\/revisions"}],"predecessor-version":[{"id":6064,"href":"https:\/\/lavozdedelicias.com\/index.php\/wp-json\/wp\/v2\/posts\/6062\/revisions\/6064"}],"wp:featuredmedia":[{"embeddable":true,"href":"https:\/\/lavozdedelicias.com\/index.php\/wp-json\/wp\/v2\/media\/6063"}],"wp:attachment":[{"href":"https:\/\/lavozdedelicias.com\/index.php\/wp-json\/wp\/v2\/media?parent=6062"}],"wp:term":[{"taxonomy":"category","embeddable":true,"href":"https:\/\/lavozdedelicias.com\/index.php\/wp-json\/wp\/v2\/categories?post=6062"},{"taxonomy":"post_tag","embeddable":true,"href":"https:\/\/lavozdedelicias.com\/index.php\/wp-json\/wp\/v2\/tags?post=6062"}],"curies":[{"name":"wp","href":"https:\/\/api.w.org\/{rel}","templated":true}]}}