{"id":5983,"date":"2025-09-22T03:34:43","date_gmt":"2025-09-22T03:34:43","guid":{"rendered":"https:\/\/lavozdedelicias.com\/?p=5983"},"modified":"2025-09-22T03:34:43","modified_gmt":"2025-09-22T03:34:43","slug":"muere-conductora-debora-estrella-su-ultimo-mensaje-antes-de-accidente-se-vuelve-viral","status":"publish","type":"post","link":"https:\/\/lavozdedelicias.com\/index.php\/2025\/09\/22\/muere-conductora-debora-estrella-su-ultimo-mensaje-antes-de-accidente-se-vuelve-viral\/","title":{"rendered":"Muere conductora D\u00e9bora Estrella; su \u00faltimo mensaje antes de accidente se vuelve viral"},"content":{"rendered":"<p>Este 20 de septiembre\u00a0se confirm\u00f3 la muerte de D\u00e9bora Estrella, reconocida conductora de televisi\u00f3n en Monterrey,\u00a0tras\u00a0el desplome de una aeronave en el municipio de Garc\u00eda, Nuevo Le\u00f3n; lo que m\u00e1s llam\u00f3 la atenci\u00f3n fue que, horas antes de la tragedia, D\u00e9bora comparti\u00f3 una\u00a0historia en Instagram\u00a0muy relacionada con su muerte.<\/p>\n<ul class=\"wp-block-list\">\n<li>El accidente\u00a0ocurri\u00f3 dentro del Interpuerto, ubicado en el Parque Industrial Ciudad Mitras,\u00a0y dej\u00f3 como saldo dos personas sin vida.<\/li>\n<\/ul>\n<h2 id=\"h-ultima-publicacion-de-debora-estrella-anuncio-su-muerte-segun-usuarios\" class=\"wp-block-heading\">\u00daltima publicaci\u00f3n de D\u00e9bora Estrella anunci\u00f3 su muerte, seg\u00fan usuarios<\/h2>\n<p>Horas antes de perder la vida, D\u00e9bora Estrella comparti\u00f3 en su cuenta oficial de\u00a0<em>Instagram<\/em>\u00a0lo que ser\u00eda su\u00a0\u00faltima publicaci\u00f3n. Se trat\u00f3 de una\u00a0historia\u00a0en la que mostr\u00f3 la avioneta con la que despeg\u00f3 desde el Aeropuerto Internacional del Norte, en Monterrey.<\/p>\n<p>En la imagen, que r\u00e1pidamente se volvi\u00f3 viral tras confirmarse el accidente,\u00a0se aprecia la aeronave en tierra junto con el mensaje: \u201c\u00bfAdivinen qu\u00e9\u2026?\u201d.\u00a0La historia fue publicada alrededor de ocho horas antes del desplome en Garc\u00eda, Nuevo Le\u00f3n.<\/p>\n<p>Usuarios y colegas\u00a0relacionaron de inmediato la fotograf\u00eda con las im\u00e1genes que difundieron los cuerpos de emergencia en el sitio del accidente.\u00a0Poco despu\u00e9s, el medio de comunicaci\u00f3n donde trabajaba la conductora confirm\u00f3 la noticia, causando gran conmoci\u00f3n entre sus seguidores.<\/p>\n<ul class=\"wp-block-list\">\n<li>La instant\u00e1nea, que en un inicio parec\u00eda un recuerdo m\u00e1s de sus constantes experiencias de vuelo, termin\u00f3 convirti\u00e9ndose en su \u00faltimo registro p\u00fablico en vida, seg\u00fan internautas.<\/li>\n<\/ul>\n<p>En distintas ocasiones,\u00a0la regiomontana mostr\u00f3 en redes sociales su inter\u00e9s por volar.\u00a0Compart\u00eda fotograf\u00edas y videos desde aeronaves, tanto en vuelos recreativos como de pr\u00e1ctica. En febrero, relat\u00f3 una de sus experiencias m\u00e1s memorables:\u00a0volar un helic\u00f3ptero por primera vez en Monterrey, algo que ya hab\u00eda intentado previamente en Campeche.<\/p>\n<div class=\"code-block code-block-8\">\n<div class=\"code-block\">La muerte de D\u00e9bora Estrella ha generado conmoci\u00f3n entre seguidores y colegas de la televisi\u00f3n regiomontana, quienes han dedicado mensajes de despedida a trav\u00e9s de redes sociales.<\/div>\n<div><img loading=\"lazy\" decoding=\"async\" class=\"alignnone size-medium wp-image-5984\" src=\"https:\/\/lavozdedelicias.com\/wp-content\/uploads\/2025\/09\/debora-estrella-conductora-135921-300x169.jpg\" alt=\"\" width=\"300\" height=\"169\" srcset=\"https:\/\/lavozdedelicias.com\/wp-content\/uploads\/2025\/09\/debora-estrella-conductora-135921-300x169.jpg 300w, https:\/\/lavozdedelicias.com\/wp-content\/uploads\/2025\/09\/debora-estrella-conductora-135921-1024x576.jpg 1024w, https:\/\/lavozdedelicias.com\/wp-content\/uploads\/2025\/09\/debora-estrella-conductora-135921-768x432.jpg 768w, https:\/\/lavozdedelicias.com\/wp-content\/uploads\/2025\/09\/debora-estrella-conductora-135921-390x220.jpg 390w, https:\/\/lavozdedelicias.com\/wp-content\/uploads\/2025\/09\/debora-estrella-conductora-135921.jpg 1200w\" sizes=\"auto, (max-width: 300px) 100vw, 300px\" \/> <img loading=\"lazy\" decoding=\"async\" class=\"alignnone size-medium wp-image-5985\" src=\"https:\/\/lavozdedelicias.com\/wp-content\/uploads\/2025\/09\/debora-estrella-eccidente-090625-1024x576-1-300x169.jpg\" alt=\"\" width=\"300\" height=\"169\" srcset=\"https:\/\/lavozdedelicias.com\/wp-content\/uploads\/2025\/09\/debora-estrella-eccidente-090625-1024x576-1-300x169.jpg 300w, https:\/\/lavozdedelicias.com\/wp-content\/uploads\/2025\/09\/debora-estrella-eccidente-090625-1024x576-1-768x432.jpg 768w, https:\/\/lavozdedelicias.com\/wp-content\/uploads\/2025\/09\/debora-estrella-eccidente-090625-1024x576-1-390x220.jpg 390w, https:\/\/lavozdedelicias.com\/wp-content\/uploads\/2025\/09\/debora-estrella-eccidente-090625-1024x576-1.jpg 1024w\" sizes=\"auto, (max-width: 300px) 100vw, 300px\" \/><\/div>\n<div><\/div>\n<\/div>\n","protected":false},"excerpt":{"rendered":"<p>Este 20 de septiembre\u00a0se confirm\u00f3 la muerte de D\u00e9bora Estrella, reconocida conductora de televisi\u00f3n en Monterrey,\u00a0tras\u00a0el desplome de una aeronave en el municipio de Garc\u00eda, Nuevo Le\u00f3n; lo que m\u00e1s llam\u00f3 la atenci\u00f3n fue que, horas antes de la tragedia, D\u00e9bora comparti\u00f3 una\u00a0historia en Instagram\u00a0muy relacionada con su muerte. El accidente\u00a0ocurri\u00f3 dentro del Interpuerto, ubicado &hellip;<\/p>\n","protected":false},"author":2,"featured_media":5984,"comment_status":"open","ping_status":"closed","sticky":false,"template":"","format":"standard","meta":{"footnotes":""},"categories":[28],"tags":[],"class_list":["post-5983","post","type-post","status-publish","format-standard","has-post-thumbnail","hentry","category-nacionales"],"_links":{"self":[{"href":"https:\/\/lavozdedelicias.com\/index.php\/wp-json\/wp\/v2\/posts\/5983","targetHints":{"allow":["GET"]}}],"collection":[{"href":"https:\/\/lavozdedelicias.com\/index.php\/wp-json\/wp\/v2\/posts"}],"about":[{"href":"https:\/\/lavozdedelicias.com\/index.php\/wp-json\/wp\/v2\/types\/post"}],"author":[{"embeddable":true,"href":"https:\/\/lavozdedelicias.com\/index.php\/wp-json\/wp\/v2\/users\/2"}],"replies":[{"embeddable":true,"href":"https:\/\/lavozdedelicias.com\/index.php\/wp-json\/wp\/v2\/comments?post=5983"}],"version-history":[{"count":1,"href":"https:\/\/lavozdedelicias.com\/index.php\/wp-json\/wp\/v2\/posts\/5983\/revisions"}],"predecessor-version":[{"id":5986,"href":"https:\/\/lavozdedelicias.com\/index.php\/wp-json\/wp\/v2\/posts\/5983\/revisions\/5986"}],"wp:featuredmedia":[{"embeddable":true,"href":"https:\/\/lavozdedelicias.com\/index.php\/wp-json\/wp\/v2\/media\/5984"}],"wp:attachment":[{"href":"https:\/\/lavozdedelicias.com\/index.php\/wp-json\/wp\/v2\/media?parent=5983"}],"wp:term":[{"taxonomy":"category","embeddable":true,"href":"https:\/\/lavozdedelicias.com\/index.php\/wp-json\/wp\/v2\/categories?post=5983"},{"taxonomy":"post_tag","embeddable":true,"href":"https:\/\/lavozdedelicias.com\/index.php\/wp-json\/wp\/v2\/tags?post=5983"}],"curies":[{"name":"wp","href":"https:\/\/api.w.org\/{rel}","templated":true}]}}