{"id":5854,"date":"2025-09-16T02:35:29","date_gmt":"2025-09-16T02:35:29","guid":{"rendered":"https:\/\/lavozdedelicias.com\/?p=5854"},"modified":"2025-09-16T02:35:29","modified_gmt":"2025-09-16T02:35:29","slug":"a-dos-semanas-de-rendir-protesta-renuncian-jueces-recien-electos","status":"publish","type":"post","link":"https:\/\/lavozdedelicias.com\/index.php\/2025\/09\/16\/a-dos-semanas-de-rendir-protesta-renuncian-jueces-recien-electos\/","title":{"rendered":"A dos semanas de rendir protesta, renuncian jueces reci\u00e9n electos"},"content":{"rendered":"<p>Apenas el\u00a01 de septiembre, las y los nuevos jueces, magistrados y ministros electos en la\u00a0elecci\u00f3n judicial del 1 de junio\u00a0rindieron protesta en congresos locales y en el Senado. Sin embargo, a pocos d\u00edas de haber asumido,\u00a0varios comenzaron a renunciar\u00a0a sus cargos en estados como Tamaulipas, Durango y Veracruz.<\/p>\n<h2 class=\"wp-block-heading\">Dimisiones en Tamaulipas, Durango y Veracruz<\/h2>\n<p>De acuerdo con un\u00a0bolet\u00edn del Congreso de Tamaulipas, cuatro jueces electos presentaron su dimisi\u00f3n:\u00a0Anabel Almaz\u00e1n Botello,\u00a0Yaritza Adziry Bonilla Molina,\u00a0Javier Colunga Res\u00e9ndiz\u00a0e\u00a0Ivonne Gonz\u00e1lez Salinas, todos de Primera Instancia en materia Civil o Mixta.<\/p>\n<p>En Tamaulipas, los suplentes que ocupar\u00e1n los cargos son\u00a0\u00d3scar Manuel L\u00f3pez Esparza, Silvia Guadalupe Trevi\u00f1o Enr\u00edquez, Cristian Reyes Garc\u00eda y Claudia Edith Villasana Vela, quienes rendir\u00e1n protesta el\u00a030 de septiembre, integr\u00e1ndose al nuevo Pleno Judicial que entrar\u00e1 en funciones el\u00a01 de octubre de 2025.<\/p>\n<p>En\u00a0Durango, el juez\u00a0H\u00e9ctor Zaragoza Sol\u00eds\u00a0no lleg\u00f3 a la toma de protesta del\u00a028 de agosto\u00a0al Congreso estatal. Argument\u00f3\u00a0problemas de salud\u00a0en su renuncia presentada ante el IEPC. La comisionada presidenta del Nuevo Organismo de Administraci\u00f3n Judicial,\u00a0Tania Julieta Hern\u00e1ndez, inform\u00f3 que ser\u00e1 sustituido por un secretario de acuerdos y que en\u00a02027\u00a0se abrir\u00e1 una nueva convocatoria.<\/p>\n<p>En\u00a0Veracruz, la jueza\u00a0Ver\u00f3nica Loyo Chac\u00f3n\u00a0tambi\u00e9n dej\u00f3 su cargo apenas el\u00a03 de septiembre, dos d\u00edas despu\u00e9s de asumir como jueza laboral. Seg\u00fan documentos entregados al\u00a0Congreso local, primero hab\u00eda rechazado su adscripci\u00f3n junto con otros jueces, lo que gener\u00f3 retrasos en la integraci\u00f3n del nuevo Poder Judicial.<\/p>\n<div class=\"code-block code-block-8\">\n<div class=\"code-block\"><span style=\"font-size: 24px;\">Perfiles con poca experiencia judicial<\/span><\/div>\n<\/div>\n<p>Los casos han generado atenci\u00f3n porque varios de los renunciantes\u00a0no contaban con experiencia en el Poder Judicial.<\/p>\n<p>En Tamaulipas, Bonilla Molina se titul\u00f3 como abogada hace tres a\u00f1os y fue auxiliar administrativo; Colunga Res\u00e9ndiz obtuvo su t\u00edtulo hace cinco a\u00f1os y trabaj\u00f3 como auxiliar jur\u00eddico; Gonz\u00e1lez Salinas fue asesora jur\u00eddica, y Almaz\u00e1n Botello se desempe\u00f1aba como auxiliar jur\u00eddico en la Direcci\u00f3n de Mediaci\u00f3n estatal.<\/p>\n<p>En Veracruz,\u00a0Ver\u00f3nica Loyo Chac\u00f3n\u00a0es egresada de la\u00a0Universidad Veracruzana, con maestr\u00eda en Derecho Laboral y especializaci\u00f3n en Derecho del Trabajo, adem\u00e1s de 12 a\u00f1os en la\u00a0Secretar\u00eda del Trabajo y Previsi\u00f3n Social, aunque nunca hab\u00eda trabajado dentro del Poder Judicial.<\/p>\n<p><img loading=\"lazy\" decoding=\"async\" class=\"alignnone size-medium wp-image-5855\" src=\"https:\/\/lavozdedelicias.com\/wp-content\/uploads\/2025\/09\/renuncian-jueces-180742-1024x576-1-300x169.jpg\" alt=\"\" width=\"300\" height=\"169\" srcset=\"https:\/\/lavozdedelicias.com\/wp-content\/uploads\/2025\/09\/renuncian-jueces-180742-1024x576-1-300x169.jpg 300w, https:\/\/lavozdedelicias.com\/wp-content\/uploads\/2025\/09\/renuncian-jueces-180742-1024x576-1-768x432.jpg 768w, https:\/\/lavozdedelicias.com\/wp-content\/uploads\/2025\/09\/renuncian-jueces-180742-1024x576-1-390x220.jpg 390w, https:\/\/lavozdedelicias.com\/wp-content\/uploads\/2025\/09\/renuncian-jueces-180742-1024x576-1.jpg 1024w\" sizes=\"auto, (max-width: 300px) 100vw, 300px\" \/><\/p>\n","protected":false},"excerpt":{"rendered":"<p>Apenas el\u00a01 de septiembre, las y los nuevos jueces, magistrados y ministros electos en la\u00a0elecci\u00f3n judicial del 1 de junio\u00a0rindieron protesta en congresos locales y en el Senado. Sin embargo, a pocos d\u00edas de haber asumido,\u00a0varios comenzaron a renunciar\u00a0a sus cargos en estados como Tamaulipas, Durango y Veracruz. Dimisiones en Tamaulipas, Durango y Veracruz De &hellip;<\/p>\n","protected":false},"author":2,"featured_media":5855,"comment_status":"open","ping_status":"closed","sticky":false,"template":"","format":"standard","meta":{"footnotes":""},"categories":[28],"tags":[],"class_list":["post-5854","post","type-post","status-publish","format-standard","has-post-thumbnail","hentry","category-nacionales"],"_links":{"self":[{"href":"https:\/\/lavozdedelicias.com\/index.php\/wp-json\/wp\/v2\/posts\/5854","targetHints":{"allow":["GET"]}}],"collection":[{"href":"https:\/\/lavozdedelicias.com\/index.php\/wp-json\/wp\/v2\/posts"}],"about":[{"href":"https:\/\/lavozdedelicias.com\/index.php\/wp-json\/wp\/v2\/types\/post"}],"author":[{"embeddable":true,"href":"https:\/\/lavozdedelicias.com\/index.php\/wp-json\/wp\/v2\/users\/2"}],"replies":[{"embeddable":true,"href":"https:\/\/lavozdedelicias.com\/index.php\/wp-json\/wp\/v2\/comments?post=5854"}],"version-history":[{"count":1,"href":"https:\/\/lavozdedelicias.com\/index.php\/wp-json\/wp\/v2\/posts\/5854\/revisions"}],"predecessor-version":[{"id":5856,"href":"https:\/\/lavozdedelicias.com\/index.php\/wp-json\/wp\/v2\/posts\/5854\/revisions\/5856"}],"wp:featuredmedia":[{"embeddable":true,"href":"https:\/\/lavozdedelicias.com\/index.php\/wp-json\/wp\/v2\/media\/5855"}],"wp:attachment":[{"href":"https:\/\/lavozdedelicias.com\/index.php\/wp-json\/wp\/v2\/media?parent=5854"}],"wp:term":[{"taxonomy":"category","embeddable":true,"href":"https:\/\/lavozdedelicias.com\/index.php\/wp-json\/wp\/v2\/categories?post=5854"},{"taxonomy":"post_tag","embeddable":true,"href":"https:\/\/lavozdedelicias.com\/index.php\/wp-json\/wp\/v2\/tags?post=5854"}],"curies":[{"name":"wp","href":"https:\/\/api.w.org\/{rel}","templated":true}]}}