{"id":5766,"date":"2025-09-11T04:25:13","date_gmt":"2025-09-11T04:25:13","guid":{"rendered":"https:\/\/lavozdedelicias.com\/?p=5766"},"modified":"2025-09-11T04:25:13","modified_gmt":"2025-09-11T04:25:13","slug":"victima-del-ataque-en-la-secundaria-52-rompe-el-silencio-y-pide-justicia","status":"publish","type":"post","link":"https:\/\/lavozdedelicias.com\/index.php\/2025\/09\/11\/victima-del-ataque-en-la-secundaria-52-rompe-el-silencio-y-pide-justicia\/","title":{"rendered":"V\u00edctima del ataque en la Secundaria 52 rompe el silencio y pide justicia"},"content":{"rendered":"<p>La madre de familia que fue agredida por una alumna de la Secundaria T\u00e9cnica No. 52 decidi\u00f3 hablar p\u00fablicamente tras el ataque que casi le cuesta la vida.<\/p>\n<p>Con voz firme, se\u00f1al\u00f3 que lo ocurrido no puede quedar en el olvido y exigi\u00f3 a las autoridades actuar con responsabilidad para evitar que se repitan episodios de violencia dentro de las escuelas.<\/p>\n<p>En entrevista, la mujer narr\u00f3 que recibi\u00f3 seis puntadas en la cabeza luego de ser golpeada con un hacha, adem\u00e1s de m\u00faltiples lesiones en hombro, abdomen y pecho, mismas que obligaron a su hospitalizaci\u00f3n en el Regional.<\/p>\n<p>\u201cPersonas as\u00ed no pueden estar en la calle\u201d, declar\u00f3, al subrayar que el caso debe ser tratado con toda la seriedad posible.<\/p>\n<p>M\u00e1s all\u00e1 de su propio sufrimiento, la v\u00edctima lanz\u00f3 un llamado de atenci\u00f3n a padres de familia, a quienes pidi\u00f3 vigilar de cerca tanto los contenidos que consumen sus hijos en internet como los objetos que llevan a la escuela.<\/p>\n<p>Seg\u00fan expres\u00f3, el descuido en estos aspectos puede ser la chispa que detone hechos graves como el que ella enfrent\u00f3.<\/p>\n<p>Finalmente, la afectada enfatiz\u00f3 que su testimonio busca despertar conciencia en la comunidad educativa y en la sociedad en general.<\/p>\n<p>\u201cEs importante que los padres est\u00e9n alerta de todo lo que ven sus hijos y de lo que cargan en la mochila, porque de ah\u00ed pueden surgir tragedias\u201d, concluy\u00f3.<\/p>\n<p><img loading=\"lazy\" decoding=\"async\" class=\"alignnone size-medium wp-image-5767\" src=\"https:\/\/lavozdedelicias.com\/wp-content\/uploads\/2025\/09\/IMG-20250910-WA0132-300x169.jpg\" alt=\"\" width=\"300\" height=\"169\" srcset=\"https:\/\/lavozdedelicias.com\/wp-content\/uploads\/2025\/09\/IMG-20250910-WA0132-300x169.jpg 300w, https:\/\/lavozdedelicias.com\/wp-content\/uploads\/2025\/09\/IMG-20250910-WA0132-1024x576.jpg 1024w, https:\/\/lavozdedelicias.com\/wp-content\/uploads\/2025\/09\/IMG-20250910-WA0132-768x432.jpg 768w, https:\/\/lavozdedelicias.com\/wp-content\/uploads\/2025\/09\/IMG-20250910-WA0132-1536x864.jpg 1536w, https:\/\/lavozdedelicias.com\/wp-content\/uploads\/2025\/09\/IMG-20250910-WA0132-390x220.jpg 390w, https:\/\/lavozdedelicias.com\/wp-content\/uploads\/2025\/09\/IMG-20250910-WA0132.jpg 1600w\" sizes=\"auto, (max-width: 300px) 100vw, 300px\" \/> <img loading=\"lazy\" decoding=\"async\" class=\"alignnone size-medium wp-image-5768\" src=\"https:\/\/lavozdedelicias.com\/wp-content\/uploads\/2025\/09\/IMG-20250910-WA0133-300x169.jpg\" alt=\"\" width=\"300\" height=\"169\" srcset=\"https:\/\/lavozdedelicias.com\/wp-content\/uploads\/2025\/09\/IMG-20250910-WA0133-300x169.jpg 300w, https:\/\/lavozdedelicias.com\/wp-content\/uploads\/2025\/09\/IMG-20250910-WA0133-1024x576.jpg 1024w, https:\/\/lavozdedelicias.com\/wp-content\/uploads\/2025\/09\/IMG-20250910-WA0133-768x432.jpg 768w, https:\/\/lavozdedelicias.com\/wp-content\/uploads\/2025\/09\/IMG-20250910-WA0133-1536x864.jpg 1536w, https:\/\/lavozdedelicias.com\/wp-content\/uploads\/2025\/09\/IMG-20250910-WA0133-390x220.jpg 390w, https:\/\/lavozdedelicias.com\/wp-content\/uploads\/2025\/09\/IMG-20250910-WA0133.jpg 1600w\" sizes=\"auto, (max-width: 300px) 100vw, 300px\" \/><\/p>\n","protected":false},"excerpt":{"rendered":"<p>La madre de familia que fue agredida por una alumna de la Secundaria T\u00e9cnica No. 52 decidi\u00f3 hablar p\u00fablicamente tras el ataque que casi le cuesta la vida. Con voz firme, se\u00f1al\u00f3 que lo ocurrido no puede quedar en el olvido y exigi\u00f3 a las autoridades actuar con responsabilidad para evitar que se repitan episodios &hellip;<\/p>\n","protected":false},"author":2,"featured_media":5768,"comment_status":"open","ping_status":"closed","sticky":false,"template":"","format":"standard","meta":{"footnotes":""},"categories":[23],"tags":[],"class_list":["post-5766","post","type-post","status-publish","format-standard","has-post-thumbnail","hentry","category-delicias"],"_links":{"self":[{"href":"https:\/\/lavozdedelicias.com\/index.php\/wp-json\/wp\/v2\/posts\/5766","targetHints":{"allow":["GET"]}}],"collection":[{"href":"https:\/\/lavozdedelicias.com\/index.php\/wp-json\/wp\/v2\/posts"}],"about":[{"href":"https:\/\/lavozdedelicias.com\/index.php\/wp-json\/wp\/v2\/types\/post"}],"author":[{"embeddable":true,"href":"https:\/\/lavozdedelicias.com\/index.php\/wp-json\/wp\/v2\/users\/2"}],"replies":[{"embeddable":true,"href":"https:\/\/lavozdedelicias.com\/index.php\/wp-json\/wp\/v2\/comments?post=5766"}],"version-history":[{"count":1,"href":"https:\/\/lavozdedelicias.com\/index.php\/wp-json\/wp\/v2\/posts\/5766\/revisions"}],"predecessor-version":[{"id":5769,"href":"https:\/\/lavozdedelicias.com\/index.php\/wp-json\/wp\/v2\/posts\/5766\/revisions\/5769"}],"wp:featuredmedia":[{"embeddable":true,"href":"https:\/\/lavozdedelicias.com\/index.php\/wp-json\/wp\/v2\/media\/5768"}],"wp:attachment":[{"href":"https:\/\/lavozdedelicias.com\/index.php\/wp-json\/wp\/v2\/media?parent=5766"}],"wp:term":[{"taxonomy":"category","embeddable":true,"href":"https:\/\/lavozdedelicias.com\/index.php\/wp-json\/wp\/v2\/categories?post=5766"},{"taxonomy":"post_tag","embeddable":true,"href":"https:\/\/lavozdedelicias.com\/index.php\/wp-json\/wp\/v2\/tags?post=5766"}],"curies":[{"name":"wp","href":"https:\/\/api.w.org\/{rel}","templated":true}]}}