{"id":5654,"date":"2025-08-29T02:27:36","date_gmt":"2025-08-29T02:27:36","guid":{"rendered":"https:\/\/lavozdedelicias.com\/?p=5654"},"modified":"2025-08-29T02:27:36","modified_gmt":"2025-08-29T02:27:36","slug":"reconocen-en-meoqui-a-los-abuelitos-mas-longevos-con-mas-anos-de-casados-y-con-mayor-descendencia","status":"publish","type":"post","link":"https:\/\/lavozdedelicias.com\/index.php\/2025\/08\/29\/reconocen-en-meoqui-a-los-abuelitos-mas-longevos-con-mas-anos-de-casados-y-con-mayor-descendencia\/","title":{"rendered":"Reconocen en Meoqui a los abuelitos m\u00e1s longevos, con m\u00e1s a\u00f1os de casados y con mayor descendencia"},"content":{"rendered":"<p>En el marco del D\u00eda del Abuelo, el DIF Municipal de Meoqui realiz\u00f3 una emotiva celebraci\u00f3n en la que se entregaron reconocimientos a adultos mayores del municipio, resultando ganadores la se\u00f1ora Josefina Anchondo y el se\u00f1or Menecio Pi\u00f1\u00f3n, quienes celebran 63 a\u00f1os de matrimonio, la se\u00f1ora Rosa Maldonado y el se\u00f1or Epifanio Loya, por su extensa familia conformada por 13 hijos, 24 nietos, 40 bisnietos y dos tataranietos y la se\u00f1ora Sara Hern\u00e1ndez, quien naci\u00f3 el 10 de diciembre de 1932 y fue distinguida como la abuelita con mayor edad.<\/p>\n<p>Fue un evento que reuni\u00f3 muchas emociones, reconfortante y lleno de amor. Como siempre nos recuerda la alcaldesa Miriam Soto, en el DIF somos el coraz\u00f3n de la administraci\u00f3n y nuestra misi\u00f3n es velar por el bienestar de ni\u00f1os, abuelitos y familias\u201d, a\u00f1adi\u00f3 Norelia Hern\u00e1ndez, presidenta del DIF Municipal, a\u00f1adiendo que fue un evento muy peque\u00f1o, pero muy significativo, donde los asistentes se conmovieron hasta las l\u00e1grimas al escuchar las historias de vida de cada galardonado.<\/p>\n<p>Por su parte, Rosa Maldonado, quien junto a su esposo recibi\u00f3 el reconocimiento por ser el matrimonio con m\u00e1s hijos, agradeci\u00f3 el homenaje: \u201cMuchas gracias a todos por este reconocimiento y gracias a Dios todav\u00eda estamos aqu\u00ed. Lo m\u00e1s grande que tengo en la vida son mis hijos\u201d, dijo conmovida.<\/p>\n<p>Finalmente, la presidenta del DIF mencion\u00f3 que los festejos contin\u00faan, cerrando este viernes con una conferencia en el seccional de L\u00e1zaro C\u00e1rdenas y el tradicional Baile en el Sal\u00f3n CIMAP, por lo que se les extiende la invitaci\u00f3n a adquirir sus boletos en las oficinas del DIF Municipal a un costado de Seguridad P\u00fablica.<\/p>\n<p><img loading=\"lazy\" decoding=\"async\" class=\"alignnone size-medium wp-image-5655\" src=\"https:\/\/lavozdedelicias.com\/wp-content\/uploads\/2025\/08\/WhatsApp-Image-2025-08-28-at-10.53.21-AM-300x225.jpeg\" alt=\"\" width=\"300\" height=\"225\" srcset=\"https:\/\/lavozdedelicias.com\/wp-content\/uploads\/2025\/08\/WhatsApp-Image-2025-08-28-at-10.53.21-AM-300x225.jpeg 300w, https:\/\/lavozdedelicias.com\/wp-content\/uploads\/2025\/08\/WhatsApp-Image-2025-08-28-at-10.53.21-AM-1024x768.jpeg 1024w, https:\/\/lavozdedelicias.com\/wp-content\/uploads\/2025\/08\/WhatsApp-Image-2025-08-28-at-10.53.21-AM-768x576.jpeg 768w, https:\/\/lavozdedelicias.com\/wp-content\/uploads\/2025\/08\/WhatsApp-Image-2025-08-28-at-10.53.21-AM.jpeg 1280w\" sizes=\"auto, (max-width: 300px) 100vw, 300px\" \/><\/p>\n","protected":false},"excerpt":{"rendered":"<p>En el marco del D\u00eda del Abuelo, el DIF Municipal de Meoqui realiz\u00f3 una emotiva celebraci\u00f3n en la que se entregaron reconocimientos a adultos mayores del municipio, resultando ganadores la se\u00f1ora Josefina Anchondo y el se\u00f1or Menecio Pi\u00f1\u00f3n, quienes celebran 63 a\u00f1os de matrimonio, la se\u00f1ora Rosa Maldonado y el se\u00f1or Epifanio Loya, por su &hellip;<\/p>\n","protected":false},"author":2,"featured_media":5655,"comment_status":"open","ping_status":"closed","sticky":false,"template":"","format":"standard","meta":{"footnotes":""},"categories":[21,24],"tags":[],"class_list":["post-5654","post","type-post","status-publish","format-standard","has-post-thumbnail","hentry","category-la-region","category-meoqui"],"_links":{"self":[{"href":"https:\/\/lavozdedelicias.com\/index.php\/wp-json\/wp\/v2\/posts\/5654","targetHints":{"allow":["GET"]}}],"collection":[{"href":"https:\/\/lavozdedelicias.com\/index.php\/wp-json\/wp\/v2\/posts"}],"about":[{"href":"https:\/\/lavozdedelicias.com\/index.php\/wp-json\/wp\/v2\/types\/post"}],"author":[{"embeddable":true,"href":"https:\/\/lavozdedelicias.com\/index.php\/wp-json\/wp\/v2\/users\/2"}],"replies":[{"embeddable":true,"href":"https:\/\/lavozdedelicias.com\/index.php\/wp-json\/wp\/v2\/comments?post=5654"}],"version-history":[{"count":1,"href":"https:\/\/lavozdedelicias.com\/index.php\/wp-json\/wp\/v2\/posts\/5654\/revisions"}],"predecessor-version":[{"id":5656,"href":"https:\/\/lavozdedelicias.com\/index.php\/wp-json\/wp\/v2\/posts\/5654\/revisions\/5656"}],"wp:featuredmedia":[{"embeddable":true,"href":"https:\/\/lavozdedelicias.com\/index.php\/wp-json\/wp\/v2\/media\/5655"}],"wp:attachment":[{"href":"https:\/\/lavozdedelicias.com\/index.php\/wp-json\/wp\/v2\/media?parent=5654"}],"wp:term":[{"taxonomy":"category","embeddable":true,"href":"https:\/\/lavozdedelicias.com\/index.php\/wp-json\/wp\/v2\/categories?post=5654"},{"taxonomy":"post_tag","embeddable":true,"href":"https:\/\/lavozdedelicias.com\/index.php\/wp-json\/wp\/v2\/tags?post=5654"}],"curies":[{"name":"wp","href":"https:\/\/api.w.org\/{rel}","templated":true}]}}