{"id":5500,"date":"2025-08-26T01:18:22","date_gmt":"2025-08-26T01:18:22","guid":{"rendered":"https:\/\/lavozdedelicias.com\/?p=5500"},"modified":"2025-08-26T01:18:22","modified_gmt":"2025-08-26T01:18:22","slug":"mayo-zambada-morira-en-prision-fiscalia-de-ee-uu","status":"publish","type":"post","link":"https:\/\/lavozdedelicias.com\/index.php\/2025\/08\/26\/mayo-zambada-morira-en-prision-fiscalia-de-ee-uu\/","title":{"rendered":"\u201c\u2019Mayo\u2019 Zambada morir\u00e1 en prisi\u00f3n\u201d: Fiscal\u00eda de EE. UU."},"content":{"rendered":"<p>Ismael\u00a0\u201cMayo\u201d Zambada, cofundador del\u00a0C\u00e1rtel de Sinaloa,\u00a0se declar\u00f3 culpable este lunes en Estados Unidos de\u00a0crimen organizado y narcotr\u00e1fico, lo que lo llevar\u00e1 a pasar\u00a0cadena perpetua sin posibilidad de libertad, seg\u00fan confirmaron fiscales federales en\u00a0conferencia de prensa.<\/p>\n<p>La fiscal general\u00a0Pam Bondi\u00a0asegur\u00f3 que Zambada \u201c<em>morir\u00e1 en una prisi\u00f3n de Estados Unidos<\/em>\u201d y destac\u00f3 que el capo reconoci\u00f3 haber\u00a0pagado sobornos a pol\u00edticos, militares y polic\u00edas en M\u00e9xico. Adem\u00e1s, la justicia orden\u00f3 la incautaci\u00f3n de bienes valuados en\u00a015 mil millones de d\u00f3lares.<\/p>\n<h2 id=\"h-el-mayo-zambada-morira-en-prision-dicen-fiscales-de-ee-uu\" class=\"wp-block-heading\">\u201cEl \u2018Mayo\u2019 Zambada morir\u00e1 en prisi\u00f3n\u201d, dicen fiscales de EE. UU.<\/h2>\n<p>En la conferencia, Bondi declar\u00f3:\u00a0<em>\u201cSon\u00a0terroristas\u00a0y los vamos a procesar como corresponde. Gracias al trabajo impecable de nuestros agentes federales, el \u2018Mayo\u2019 pasar\u00e1 toda su vida tras las rejas\u201d<\/em>.<\/p>\n<p>Por su parte,\u00a0Joseph Nocella, fiscal del distrito este de Nueva York, recalc\u00f3 que la sentencia ser\u00e1 de\u00a0cadena perpetua\u00a0y consider\u00f3 este fallo como \u201c<em>el colapso de un mito: que los l\u00edderes de los c\u00e1rteles est\u00e1n m\u00e1s all\u00e1 del alcance de las autoridades<\/em>\u201d.<\/p>\n<div class=\"code-block code-block-2\">\n<div class=\"truvidPos\"><span style=\"font-size: 24px;\">EE. UUU. agradece apoyo de M\u00e9xico<\/span><\/div>\n<\/div>\n<p>La fiscal general de Estados Unidos destac\u00f3 la cooperaci\u00f3n del gobierno mexicano en el caso contra el \u201cMayo\u201d Zambada.<\/p>\n<div class=\"code-block code-block-8\">\n<div class=\"code-block\">\u201cQueremos agradecerle a las autoridades de M\u00e9xico por toda su ayuda para haber podido traer a estos l\u00edderes de los c\u00e1rteles ante la justicia\u201d, se\u00f1al\u00f3 durante la conferencia de prensa.<\/div>\n<\/div>\n<h2 id=\"h-confesion-de-crimenes-y-sobornos-pide-perdon-a-victimas\" class=\"wp-block-heading\">Confesi\u00f3n de cr\u00edmenes y sobornos; pide perd\u00f3n a v\u00edctimas<\/h2>\n<p>Durante la audiencia, Zambada, de\u00a075 a\u00f1os, acept\u00f3 haber enviado m\u00e1s de\u00a0mil 500 toneladas de coca\u00edna a Estados Unidos, adem\u00e1s de ordenar asesinatos, secuestros y lavado de dinero. En su declaraci\u00f3n, pidi\u00f3 perd\u00f3n a las v\u00edctimas y admiti\u00f3 que su organizaci\u00f3n foment\u00f3 la\u00a0corrupci\u00f3n en M\u00e9xico.<\/p>\n<p>El juez\u00a0Brian Cogan\u00a0fij\u00f3 el pr\u00f3ximo\u00a013 de enero de 2026\u00a0como la fecha en que se leer\u00e1 oficialmente su sentencia, aunque advirti\u00f3 que el cargo principal ya implica\u00a0prisi\u00f3n de por vida.<\/p>\n<p><img loading=\"lazy\" decoding=\"async\" class=\"alignnone size-medium wp-image-5501\" src=\"https:\/\/lavozdedelicias.com\/wp-content\/uploads\/2025\/08\/mayo-zambada-132227-1024x576-1-300x169.jpg\" alt=\"\" width=\"300\" height=\"169\" srcset=\"https:\/\/lavozdedelicias.com\/wp-content\/uploads\/2025\/08\/mayo-zambada-132227-1024x576-1-300x169.jpg 300w, https:\/\/lavozdedelicias.com\/wp-content\/uploads\/2025\/08\/mayo-zambada-132227-1024x576-1-768x432.jpg 768w, https:\/\/lavozdedelicias.com\/wp-content\/uploads\/2025\/08\/mayo-zambada-132227-1024x576-1-390x220.jpg 390w, https:\/\/lavozdedelicias.com\/wp-content\/uploads\/2025\/08\/mayo-zambada-132227-1024x576-1.jpg 1024w\" sizes=\"auto, (max-width: 300px) 100vw, 300px\" \/><\/p>\n","protected":false},"excerpt":{"rendered":"<p>Ismael\u00a0\u201cMayo\u201d Zambada, cofundador del\u00a0C\u00e1rtel de Sinaloa,\u00a0se declar\u00f3 culpable este lunes en Estados Unidos de\u00a0crimen organizado y narcotr\u00e1fico, lo que lo llevar\u00e1 a pasar\u00a0cadena perpetua sin posibilidad de libertad, seg\u00fan confirmaron fiscales federales en\u00a0conferencia de prensa. La fiscal general\u00a0Pam Bondi\u00a0asegur\u00f3 que Zambada \u201cmorir\u00e1 en una prisi\u00f3n de Estados Unidos\u201d y destac\u00f3 que el capo reconoci\u00f3 haber\u00a0pagado &hellip;<\/p>\n","protected":false},"author":2,"featured_media":5501,"comment_status":"open","ping_status":"closed","sticky":false,"template":"","format":"standard","meta":{"footnotes":""},"categories":[29],"tags":[],"class_list":["post-5500","post","type-post","status-publish","format-standard","has-post-thumbnail","hentry","category-internacional"],"_links":{"self":[{"href":"https:\/\/lavozdedelicias.com\/index.php\/wp-json\/wp\/v2\/posts\/5500","targetHints":{"allow":["GET"]}}],"collection":[{"href":"https:\/\/lavozdedelicias.com\/index.php\/wp-json\/wp\/v2\/posts"}],"about":[{"href":"https:\/\/lavozdedelicias.com\/index.php\/wp-json\/wp\/v2\/types\/post"}],"author":[{"embeddable":true,"href":"https:\/\/lavozdedelicias.com\/index.php\/wp-json\/wp\/v2\/users\/2"}],"replies":[{"embeddable":true,"href":"https:\/\/lavozdedelicias.com\/index.php\/wp-json\/wp\/v2\/comments?post=5500"}],"version-history":[{"count":1,"href":"https:\/\/lavozdedelicias.com\/index.php\/wp-json\/wp\/v2\/posts\/5500\/revisions"}],"predecessor-version":[{"id":5502,"href":"https:\/\/lavozdedelicias.com\/index.php\/wp-json\/wp\/v2\/posts\/5500\/revisions\/5502"}],"wp:featuredmedia":[{"embeddable":true,"href":"https:\/\/lavozdedelicias.com\/index.php\/wp-json\/wp\/v2\/media\/5501"}],"wp:attachment":[{"href":"https:\/\/lavozdedelicias.com\/index.php\/wp-json\/wp\/v2\/media?parent=5500"}],"wp:term":[{"taxonomy":"category","embeddable":true,"href":"https:\/\/lavozdedelicias.com\/index.php\/wp-json\/wp\/v2\/categories?post=5500"},{"taxonomy":"post_tag","embeddable":true,"href":"https:\/\/lavozdedelicias.com\/index.php\/wp-json\/wp\/v2\/tags?post=5500"}],"curies":[{"name":"wp","href":"https:\/\/api.w.org\/{rel}","templated":true}]}}