{"id":5069,"date":"2025-08-09T06:51:58","date_gmt":"2025-08-09T06:51:58","guid":{"rendered":"https:\/\/lavozdedelicias.com\/?p=5069"},"modified":"2025-08-09T06:51:58","modified_gmt":"2025-08-09T06:51:58","slug":"invita-miriam-soto-a-la-3a-edicion-del-dia-de-la-alfalfa-evento-con-causa-que-este-ano-apoyara-a-casa-hogar-crecer","status":"publish","type":"post","link":"https:\/\/lavozdedelicias.com\/index.php\/2025\/08\/09\/invita-miriam-soto-a-la-3a-edicion-del-dia-de-la-alfalfa-evento-con-causa-que-este-ano-apoyara-a-casa-hogar-crecer\/","title":{"rendered":"Invita Miriam Soto a la 3a edici\u00f3n del D\u00eda de la Alfalfa, evento con causa que este a\u00f1o apoyar\u00e1 a Casa Hogar Crecer"},"content":{"rendered":"<p>Por 3er a\u00f1o consecutivo en Meoqui, se llevar\u00e1 a cabo la tercera edici\u00f3n del D\u00eda de la Alfalfa este pr\u00f3ximo 15 de agosto, a partir de las 9 de la ma\u00f1ana en el Rancho Santa Anita, siendo organizado por la empresa Maquiagro, donde habr\u00e1 \u00e1reas recreativas y de comida para toda la familia, as\u00ed como m\u00fasica en vivo, adem\u00e1s de los expositores de maquinaria, fertilizantes, agro insumos, salud, sistemas de riego, tecnolog\u00eda, instituciones financieras, entre otros, con la finalidad de recaudar fondos para Casa Hogar Crecer.<\/p>\n<p>\u201cMuy contenta por esta iniciativa que ha tenido Maquiagro, que sabemos que el D\u00eda de la Alfalfa lleg\u00f3 para quedarse. Es un evento que no solo promueve uno de los cultivos m\u00e1s representativos del municipio, como lo es la alfalfa, sino que adem\u00e1s tiene un fin noble\u201d, expres\u00f3 la alcaldesa Miriam Soto, destacando que la actividad ha tenido gran respuesta en ediciones anteriores, consolid\u00e1ndose como un espacio que fortalece la econom\u00eda local, promueve la identidad meoquense y genera convivencia familiar.<\/p>\n<p>Adem\u00e1s, la alcaldesa Miriam Soto subray\u00f3 la relevancia del cultivo de la alfalfa para el municipio, se\u00f1alando que el 80% de la econom\u00eda de Meoqui depende del sector agropecuario, por lo que este tipo de eventos permiten visibilizar y reconocer la importancia del trabajo en el campo.<\/p>\n<p>Finalmente, invit\u00f3 a los habitantes de Meoqui, municipios vecinos y de todo el estado a asistir: \u201cEs un evento para toda la familia, pr\u00e1cticamente todo el d\u00eda, desde la ma\u00f1ana hasta el atardecer, as\u00ed que los esperamos este 15 de agosto en el Rancho Santa Anita\u201d.<\/p>\n<p><img loading=\"lazy\" decoding=\"async\" class=\"alignnone size-medium wp-image-5070\" src=\"https:\/\/lavozdedelicias.com\/wp-content\/uploads\/2025\/08\/WhatsApp-Image-2025-08-08-at-12.21.25-PM-300x200.jpeg\" alt=\"\" width=\"300\" height=\"200\" srcset=\"https:\/\/lavozdedelicias.com\/wp-content\/uploads\/2025\/08\/WhatsApp-Image-2025-08-08-at-12.21.25-PM-300x200.jpeg 300w, https:\/\/lavozdedelicias.com\/wp-content\/uploads\/2025\/08\/WhatsApp-Image-2025-08-08-at-12.21.25-PM-1024x682.jpeg 1024w, https:\/\/lavozdedelicias.com\/wp-content\/uploads\/2025\/08\/WhatsApp-Image-2025-08-08-at-12.21.25-PM-768x512.jpeg 768w, https:\/\/lavozdedelicias.com\/wp-content\/uploads\/2025\/08\/WhatsApp-Image-2025-08-08-at-12.21.25-PM.jpeg 1280w\" sizes=\"auto, (max-width: 300px) 100vw, 300px\" \/><\/p>\n","protected":false},"excerpt":{"rendered":"<p>Por 3er a\u00f1o consecutivo en Meoqui, se llevar\u00e1 a cabo la tercera edici\u00f3n del D\u00eda de la Alfalfa este pr\u00f3ximo 15 de agosto, a partir de las 9 de la ma\u00f1ana en el Rancho Santa Anita, siendo organizado por la empresa Maquiagro, donde habr\u00e1 \u00e1reas recreativas y de comida para toda la familia, as\u00ed como &hellip;<\/p>\n","protected":false},"author":2,"featured_media":5070,"comment_status":"open","ping_status":"closed","sticky":false,"template":"","format":"standard","meta":{"footnotes":""},"categories":[21,24],"tags":[],"class_list":["post-5069","post","type-post","status-publish","format-standard","has-post-thumbnail","hentry","category-la-region","category-meoqui"],"_links":{"self":[{"href":"https:\/\/lavozdedelicias.com\/index.php\/wp-json\/wp\/v2\/posts\/5069","targetHints":{"allow":["GET"]}}],"collection":[{"href":"https:\/\/lavozdedelicias.com\/index.php\/wp-json\/wp\/v2\/posts"}],"about":[{"href":"https:\/\/lavozdedelicias.com\/index.php\/wp-json\/wp\/v2\/types\/post"}],"author":[{"embeddable":true,"href":"https:\/\/lavozdedelicias.com\/index.php\/wp-json\/wp\/v2\/users\/2"}],"replies":[{"embeddable":true,"href":"https:\/\/lavozdedelicias.com\/index.php\/wp-json\/wp\/v2\/comments?post=5069"}],"version-history":[{"count":1,"href":"https:\/\/lavozdedelicias.com\/index.php\/wp-json\/wp\/v2\/posts\/5069\/revisions"}],"predecessor-version":[{"id":5071,"href":"https:\/\/lavozdedelicias.com\/index.php\/wp-json\/wp\/v2\/posts\/5069\/revisions\/5071"}],"wp:featuredmedia":[{"embeddable":true,"href":"https:\/\/lavozdedelicias.com\/index.php\/wp-json\/wp\/v2\/media\/5070"}],"wp:attachment":[{"href":"https:\/\/lavozdedelicias.com\/index.php\/wp-json\/wp\/v2\/media?parent=5069"}],"wp:term":[{"taxonomy":"category","embeddable":true,"href":"https:\/\/lavozdedelicias.com\/index.php\/wp-json\/wp\/v2\/categories?post=5069"},{"taxonomy":"post_tag","embeddable":true,"href":"https:\/\/lavozdedelicias.com\/index.php\/wp-json\/wp\/v2\/tags?post=5069"}],"curies":[{"name":"wp","href":"https:\/\/api.w.org\/{rel}","templated":true}]}}