{"id":5051,"date":"2025-08-09T06:13:53","date_gmt":"2025-08-09T06:13:53","guid":{"rendered":"https:\/\/lavozdedelicias.com\/?p=5051"},"modified":"2025-08-09T06:13:53","modified_gmt":"2025-08-09T06:13:53","slug":"canada-intenta-salvar-su-relacion-con-mexico-tras-desacuerdos-con-trump","status":"publish","type":"post","link":"https:\/\/lavozdedelicias.com\/index.php\/2025\/08\/09\/canada-intenta-salvar-su-relacion-con-mexico-tras-desacuerdos-con-trump\/","title":{"rendered":"Canad\u00e1 intenta salvar su relaci\u00f3n con M\u00e9xico tras desacuerdos con Trump"},"content":{"rendered":"<p>El\u00a0primer ministro de Canad\u00e1, Mark Carney, busca restablecer la\u00a0relaci\u00f3n con M\u00e9xico\u00a0tras las tensiones derivadas de desacuerdos sobre el\u00a0acuerdo comercial trilateral con Estados Unidos. Las fricciones surgieron a finales del a\u00f1o pasado cuando funcionarios canadienses sugirieron negociar un pacto solo con el gobierno estadounidense.<\/p>\n<p>En julio, Carney contact\u00f3 a la\u00a0presidenta de M\u00e9xico, Claudia Sheinbaum, para elogiar un\u00a0obsequio artesanal que ella le hab\u00eda entregado\u00a0y manifest\u00f3 su intenci\u00f3n de visitar M\u00e9xico. Este gesto forma parte de una estrategia para recomponer los lazos bilaterales y preservar el\u00a0Tratado entre M\u00e9xico, Estados Unidos y Canad\u00e1\u00a0(T-MEC), vigente desde 2020.<\/p>\n<h2 id=\"h-origen-de-las-tensiones-entre-mexico-y-canada\" class=\"wp-block-heading\">Origen de las tensiones entre M\u00e9xico y Canad\u00e1<\/h2>\n<p>La relaci\u00f3n se deterior\u00f3 despu\u00e9s de que el ex primer ministro canadiense\u00a0Justin Trudeau\u00a0considerara un acuerdo bilateral con Estados Unidos, lo que provoc\u00f3 que altos funcionarios mexicanos suspendieran el di\u00e1logo con Canad\u00e1.<\/p>\n<p>En noviembre, el primer ministro de Ontario,\u00a0Doug Ford, calific\u00f3 como ofensivas las comparaciones entre Canad\u00e1 y M\u00e9xico, lo que increment\u00f3 las fricciones. Posteriormente, Trudeau viaj\u00f3 a Mar-a-Lago para reunirse con Trump sin notificar a M\u00e9xico, lo que fue interpretado como una exclusi\u00f3n estrat\u00e9gica.<\/p>\n<h2 id=\"h-impacto-de-los-aranceles-y-el-papel-de-trump\" class=\"wp-block-heading\">Impacto de los aranceles y el papel de Trump<\/h2>\n<div class=\"code-block code-block-2\">\n<div class=\"truvidPos\"><\/div>\n<\/div>\n<p>La semana pasada,\u00a0Trump\u00a0otorg\u00f3 a M\u00e9xico una pr\u00f3rroga de 90 d\u00edas antes de aplicar nuevos aranceles, manteni\u00e9ndolos en\u00a025%, mientras que a Canad\u00e1 los increment\u00f3 al\u00a035%. Esta situaci\u00f3n dej\u00f3 a Canad\u00e1 en desventaja y motiv\u00f3 una ofensiva diplom\u00e1tica para mejorar su relaci\u00f3n con M\u00e9xico y proteger el\u00a0T-MEC.<\/p>\n<div class=\"code-block code-block-8\">\n<div class=\"code-block\">El tratado sigue resguardando exportaciones clave de ambos pa\u00edses hacia Estados Unidos frente a los aranceles adicionales.<\/div>\n<\/div>\n<h2 id=\"h-acciones-diplomaticas-recientes\" class=\"wp-block-heading\">Acciones diplom\u00e1ticas recientes<\/h2>\n<p>El ministro de Asuntos Exteriores y el ministro de Finanzas de Canad\u00e1 viajaron a M\u00e9xico para reunirse con altos funcionarios, mientras Carney declar\u00f3 que \u201ces importante preservar\u201d el acuerdo trilateral.<\/p>\n<p>En redes sociales,\u00a0Sheinbaum\u00a0confirm\u00f3 que ambos pa\u00edses est\u00e1n\u00a0fortaleciendo su relaci\u00f3n bilateral. A pesar de las diferencias hist\u00f3ricas, la mandataria ha reiterado su compromiso con la renovaci\u00f3n del\u00a0T-MEC, que expirar\u00e1 autom\u00e1ticamente en 2036 si no se ratifica antes.<\/p>\n<p>Expertos comerciales se\u00f1alan que la cooperaci\u00f3n entre M\u00e9xico y Canad\u00e1 es clave para mantener un frente com\u00fan frente a Estados Unidos. El exnegociador comercial mexicano\u00a0Juan Carlos Baker\u00a0advirti\u00f3 que negociar individualmente con Washington podr\u00eda favorecer a Estados Unidos debido a la asimetr\u00eda econ\u00f3mica.<\/p>\n<p>Funcionarios mexicanos tambi\u00e9n han rechazado la idea de un acuerdo bilateral exclusivo con Estados Unidos, propuesta por el secretario de Comercio estadounidense\u00a0Howard Lutnick.<\/p>\n<p><img loading=\"lazy\" decoding=\"async\" class=\"alignnone size-medium wp-image-5052\" src=\"https:\/\/lavozdedelicias.com\/wp-content\/uploads\/2025\/08\/proyecto-nuevo-2025-08-08t114337.745-114104-1024x576-1-300x169.jpg\" alt=\"\" width=\"300\" height=\"169\" srcset=\"https:\/\/lavozdedelicias.com\/wp-content\/uploads\/2025\/08\/proyecto-nuevo-2025-08-08t114337.745-114104-1024x576-1-300x169.jpg 300w, https:\/\/lavozdedelicias.com\/wp-content\/uploads\/2025\/08\/proyecto-nuevo-2025-08-08t114337.745-114104-1024x576-1-768x432.jpg 768w, https:\/\/lavozdedelicias.com\/wp-content\/uploads\/2025\/08\/proyecto-nuevo-2025-08-08t114337.745-114104-1024x576-1-390x220.jpg 390w, https:\/\/lavozdedelicias.com\/wp-content\/uploads\/2025\/08\/proyecto-nuevo-2025-08-08t114337.745-114104-1024x576-1.jpg 1024w\" sizes=\"auto, (max-width: 300px) 100vw, 300px\" \/><\/p>\n","protected":false},"excerpt":{"rendered":"<p>El\u00a0primer ministro de Canad\u00e1, Mark Carney, busca restablecer la\u00a0relaci\u00f3n con M\u00e9xico\u00a0tras las tensiones derivadas de desacuerdos sobre el\u00a0acuerdo comercial trilateral con Estados Unidos. Las fricciones surgieron a finales del a\u00f1o pasado cuando funcionarios canadienses sugirieron negociar un pacto solo con el gobierno estadounidense. En julio, Carney contact\u00f3 a la\u00a0presidenta de M\u00e9xico, Claudia Sheinbaum, para elogiar &hellip;<\/p>\n","protected":false},"author":2,"featured_media":5052,"comment_status":"open","ping_status":"closed","sticky":false,"template":"","format":"standard","meta":{"footnotes":""},"categories":[29],"tags":[],"class_list":["post-5051","post","type-post","status-publish","format-standard","has-post-thumbnail","hentry","category-internacional"],"_links":{"self":[{"href":"https:\/\/lavozdedelicias.com\/index.php\/wp-json\/wp\/v2\/posts\/5051","targetHints":{"allow":["GET"]}}],"collection":[{"href":"https:\/\/lavozdedelicias.com\/index.php\/wp-json\/wp\/v2\/posts"}],"about":[{"href":"https:\/\/lavozdedelicias.com\/index.php\/wp-json\/wp\/v2\/types\/post"}],"author":[{"embeddable":true,"href":"https:\/\/lavozdedelicias.com\/index.php\/wp-json\/wp\/v2\/users\/2"}],"replies":[{"embeddable":true,"href":"https:\/\/lavozdedelicias.com\/index.php\/wp-json\/wp\/v2\/comments?post=5051"}],"version-history":[{"count":1,"href":"https:\/\/lavozdedelicias.com\/index.php\/wp-json\/wp\/v2\/posts\/5051\/revisions"}],"predecessor-version":[{"id":5053,"href":"https:\/\/lavozdedelicias.com\/index.php\/wp-json\/wp\/v2\/posts\/5051\/revisions\/5053"}],"wp:featuredmedia":[{"embeddable":true,"href":"https:\/\/lavozdedelicias.com\/index.php\/wp-json\/wp\/v2\/media\/5052"}],"wp:attachment":[{"href":"https:\/\/lavozdedelicias.com\/index.php\/wp-json\/wp\/v2\/media?parent=5051"}],"wp:term":[{"taxonomy":"category","embeddable":true,"href":"https:\/\/lavozdedelicias.com\/index.php\/wp-json\/wp\/v2\/categories?post=5051"},{"taxonomy":"post_tag","embeddable":true,"href":"https:\/\/lavozdedelicias.com\/index.php\/wp-json\/wp\/v2\/tags?post=5051"}],"curies":[{"name":"wp","href":"https:\/\/api.w.org\/{rel}","templated":true}]}}