{"id":4990,"date":"2025-08-06T07:00:44","date_gmt":"2025-08-06T07:00:44","guid":{"rendered":"https:\/\/lavozdedelicias.com\/?p=4990"},"modified":"2025-08-06T07:00:44","modified_gmt":"2025-08-06T07:00:44","slug":"nueva-suprema-corte-celebrara-tres-ceremonias-y-recibira-baston-de-mando-indigena","status":"publish","type":"post","link":"https:\/\/lavozdedelicias.com\/index.php\/2025\/08\/06\/nueva-suprema-corte-celebrara-tres-ceremonias-y-recibira-baston-de-mando-indigena\/","title":{"rendered":"Nueva Suprema Corte celebrar\u00e1 tres ceremonias y recibir\u00e1 bast\u00f3n de mando ind\u00edgena"},"content":{"rendered":"<p><img loading=\"lazy\" decoding=\"async\" class=\"alignnone size-medium wp-image-4991\" src=\"https:\/\/lavozdedelicias.com\/wp-content\/uploads\/2025\/08\/hugo-aguilar-baston-de-mando-scjn-960x600-1-300x188.jpg\" alt=\"\" width=\"300\" height=\"188\" srcset=\"https:\/\/lavozdedelicias.com\/wp-content\/uploads\/2025\/08\/hugo-aguilar-baston-de-mando-scjn-960x600-1-300x188.jpg 300w, https:\/\/lavozdedelicias.com\/wp-content\/uploads\/2025\/08\/hugo-aguilar-baston-de-mando-scjn-960x600-1-768x480.jpg 768w, https:\/\/lavozdedelicias.com\/wp-content\/uploads\/2025\/08\/hugo-aguilar-baston-de-mando-scjn-960x600-1.jpg 960w\" sizes=\"auto, (max-width: 300px) 100vw, 300px\" \/><\/p>\n<p data-start=\"1924\" data-end=\"2328\">Los nuevos integrantes de la Suprema Corte de Justicia de la Naci\u00f3n (SCJN) iniciar\u00e1n sus funciones con una serie de tres ceremonias simb\u00f3licas, que incluir\u00e1n la entrega del bast\u00f3n de mando por parte de pueblos originarios, inform\u00f3 este lunes el Poder Judicial. La decisi\u00f3n representa un cambio significativo en el protocolo de bienvenida y busca establecer un v\u00ednculo con la diversidad cultural del pa\u00eds.<\/p>\n<p data-start=\"2330\" data-end=\"2652\">Las ceremonias se realizar\u00e1n en sedes distintas: una en el Z\u00f3calo capitalino, otra en el edificio de la SCJN y la tercera en un centro ceremonial ind\u00edgena del sur del pa\u00eds. El objetivo, seg\u00fan los organizadores, es mostrar respeto por los pueblos originarios y reconocer su papel en la historia jur\u00eddica y social de M\u00e9xico.<\/p>\n<p data-start=\"2654\" data-end=\"2995\">El bast\u00f3n de mando es un s\u00edmbolo de autoridad y sabidur\u00eda entre diversas comunidades ind\u00edgenas, y su entrega a los ministros fue propuesta como una forma de legitimar el nuevo ciclo judicial desde una perspectiva m\u00e1s incluyente. La medida ha generado opiniones divididas en la opini\u00f3n p\u00fablica y entre especialistas en derecho constitucional.<\/p>\n<p data-start=\"2997\" data-end=\"3295\">Mientras algunos celebran el gesto como un acto de reconciliaci\u00f3n y pluralidad, otros consideran que podr\u00eda desdibujar la naturaleza laica y t\u00e9cnica del m\u00e1ximo tribunal. Sin embargo, los organizadores insisten en que se trata de un acto simb\u00f3lico sin efectos jur\u00eddicos, pero de alto valor cultural.<\/p>\n<p data-start=\"3297\" data-end=\"3603\">La ceremonia se enmarca dentro de un contexto pol\u00edtico donde se discute una reforma profunda al Poder Judicial. La nueva Corte estar\u00e1 compuesta en parte por integrantes electos mediante voto popular, una innovaci\u00f3n promovida por el gobierno saliente que ha generado debates sobre la independencia judicial.<\/p>\n","protected":false},"excerpt":{"rendered":"<p>Los nuevos integrantes de la Suprema Corte de Justicia de la Naci\u00f3n (SCJN) iniciar\u00e1n sus funciones con una serie de tres ceremonias simb\u00f3licas, que incluir\u00e1n la entrega del bast\u00f3n de mando por parte de pueblos originarios, inform\u00f3 este lunes el Poder Judicial. La decisi\u00f3n representa un cambio significativo en el protocolo de bienvenida y busca &hellip;<\/p>\n","protected":false},"author":2,"featured_media":4991,"comment_status":"open","ping_status":"closed","sticky":false,"template":"","format":"standard","meta":{"footnotes":""},"categories":[28],"tags":[],"class_list":["post-4990","post","type-post","status-publish","format-standard","has-post-thumbnail","hentry","category-nacionales"],"_links":{"self":[{"href":"https:\/\/lavozdedelicias.com\/index.php\/wp-json\/wp\/v2\/posts\/4990","targetHints":{"allow":["GET"]}}],"collection":[{"href":"https:\/\/lavozdedelicias.com\/index.php\/wp-json\/wp\/v2\/posts"}],"about":[{"href":"https:\/\/lavozdedelicias.com\/index.php\/wp-json\/wp\/v2\/types\/post"}],"author":[{"embeddable":true,"href":"https:\/\/lavozdedelicias.com\/index.php\/wp-json\/wp\/v2\/users\/2"}],"replies":[{"embeddable":true,"href":"https:\/\/lavozdedelicias.com\/index.php\/wp-json\/wp\/v2\/comments?post=4990"}],"version-history":[{"count":1,"href":"https:\/\/lavozdedelicias.com\/index.php\/wp-json\/wp\/v2\/posts\/4990\/revisions"}],"predecessor-version":[{"id":4992,"href":"https:\/\/lavozdedelicias.com\/index.php\/wp-json\/wp\/v2\/posts\/4990\/revisions\/4992"}],"wp:featuredmedia":[{"embeddable":true,"href":"https:\/\/lavozdedelicias.com\/index.php\/wp-json\/wp\/v2\/media\/4991"}],"wp:attachment":[{"href":"https:\/\/lavozdedelicias.com\/index.php\/wp-json\/wp\/v2\/media?parent=4990"}],"wp:term":[{"taxonomy":"category","embeddable":true,"href":"https:\/\/lavozdedelicias.com\/index.php\/wp-json\/wp\/v2\/categories?post=4990"},{"taxonomy":"post_tag","embeddable":true,"href":"https:\/\/lavozdedelicias.com\/index.php\/wp-json\/wp\/v2\/tags?post=4990"}],"curies":[{"name":"wp","href":"https:\/\/api.w.org\/{rel}","templated":true}]}}