{"id":4925,"date":"2025-08-05T02:41:06","date_gmt":"2025-08-05T02:41:06","guid":{"rendered":"https:\/\/lavozdedelicias.com\/?p=4925"},"modified":"2025-08-05T02:41:06","modified_gmt":"2025-08-05T02:41:06","slug":"suben-a-467-los-casos-de-viruela-simica-en-mexico-cdmx-concentra-mas-de-la-mitad","status":"publish","type":"post","link":"https:\/\/lavozdedelicias.com\/index.php\/2025\/08\/05\/suben-a-467-los-casos-de-viruela-simica-en-mexico-cdmx-concentra-mas-de-la-mitad\/","title":{"rendered":"Suben a 467 los casos de viruela s\u00edmica en M\u00e9xico; CDMX concentra m\u00e1s de la mitad"},"content":{"rendered":"<p>La\u00a0Secretar\u00eda de Salud\u00a0confirm\u00f3 un aumento significativo de\u00a0viruela s\u00edmica\u00a0o\u00a0Mpox\u00a0(antes conocida como\u00a0viruela del mono) en M\u00e9xico con 467 casos registrados hasta la Semana 30, seg\u00fan el\u00a0Bolet\u00edn Epidemiol\u00f3gico\u00a0publicado por la Secretar\u00eda de Salud este lunes 4 de agosto. Por su parte, la\u00a0CDMX\u00a0concentra\u00a0280 casos.<\/p>\n<p>La cifra representa un\u00a0incremento significativo\u00a0respecto al mismo periodo de 2024, en el que se contabilizaron\u00a046 casos. Aunque el riesgo para la poblaci\u00f3n en general es bajo, seg\u00fan la dependencia de Salud.<\/p>\n<h2 id=\"h-casos-de-viruela-simica-en-mexico\" class=\"wp-block-heading\">Casos de viruela s\u00edmica en M\u00e9xico<\/h2>\n<ul class=\"wp-block-list\">\n<li>Ciudad de M\u00e9xico: 280 casos<\/li>\n<li>Jalisco: 71 casos<\/li>\n<li>Estado de M\u00e9xico: 19 casos<\/li>\n<li>Nuevo Le\u00f3n: 17 casos<\/li>\n<li>Veracruz: 17 casos<\/li>\n<li>Aguascalientes: 10 casos<\/li>\n<li>Quer\u00e9taro: 9 casos<\/li>\n<li>Quintana Roo: 6 casos<\/li>\n<li>Hidalgo: 6 casos<\/li>\n<li>Oaxaca: 5 casos<\/li>\n<li>Puebla: 4 casos<\/li>\n<li>Tamaulipas: 4 casos<\/li>\n<li>Yucat\u00e1n: 3 casos<\/li>\n<li>San Luis Potos\u00ed: 3 casos<\/li>\n<li>Baja California: 2 casos<\/li>\n<li>Guanajuato: 2 casos<\/li>\n<li>Nayarit: 2 casos<\/li>\n<li>Coahuila:\u00a02 casos<\/li>\n<li>Morelos: 1 casos<\/li>\n<li>Chiapas: 1 caso<\/li>\n<li>Michoac\u00e1n: 1 caso<\/li>\n<li>Sinaloa: 1 caso<\/li>\n<li>Chihuahua: 1 caso<\/li>\n<\/ul>\n<h2 id=\"h-cdmx-registra-el-mayor-numero-de-casos-de-viruela-simica\" class=\"wp-block-heading\">CDMX registra el mayor n\u00famero de casos de viruela s\u00edmica<\/h2>\n<p>La\u00a0Ciudad de M\u00e9xico\u00a0se mantiene como el principal epicentro de casos con\u00a0280 casos acumulados, de los cuales\u00a0279 corresponden a hombres y uno a una mujer, mientras que\u00a0Chiapas\u00a0confirm\u00f3 un caso de\u00a0Mpox.<\/p>\n<h2 id=\"h-chiapas-confirma-un-caso-de-mpox\" class=\"wp-block-heading\">Chiapas confirma un caso de Mpox<\/h2>\n<p>La\u00a0Secretar\u00eda de Salud de Chiapas\u00a0confirm\u00f3 un\u00a0caso de Mpox\u00a0o\u00a0viruela s\u00edmica\u00a0en el municipio de\u00a0Tuxtla Guti\u00e9rrez.<\/p>\n<div class=\"code-block code-block-2\">\n<div class=\"truvidPos\">Se trata de una persona del sexo masculino, de 40 a\u00f1os de edad, originaria de la\u00a0Ciudad de M\u00e9xico\u00a0y residente en Tuxtla Guti\u00e9rrez, quien\u00a0presenta antecedentes de viaje\u00a0a la regi\u00f3n occidente del pa\u00eds, as\u00ed como a las ciudades de\u00a0San Diego (Estados Unidos)\u00a0y\u00a0Cartagena (Colombia).<\/div>\n<\/div>\n<div class=\"code-block code-block-8\">\n<div class=\"code-block\">El paciente inici\u00f3 s\u00edntomas el pasado 1 de julio\u00a0e ingres\u00f3 a los servicios p\u00fablicos de salud por presentar\u00a0sangrado de tubo digestivo bajo, lo que activ\u00f3 de inmediato el\u00a0protocolo de vigilancia epidemiol\u00f3gica.<\/div>\n<\/div>\n<div class=\"code-block code-block-18\"><\/div>\n<p>Personal de la\u00a0Jurisdicci\u00f3n Sanitaria n\u00famero I\u00a0realiz\u00f3 la toma de muestras correspondientes, y el\u00a0Laboratorio Estatal de Salud P\u00fablica\u00a0confirm\u00f3 el diagn\u00f3stico el\u00a01 de agosto.<\/p>\n<p>Actualmente, el paciente se encuentra\u00a0estable, en aislamiento domiciliario y bajo vigilancia m\u00e9dica.<\/p>\n<h2 id=\"h-vigilancia-activa-y-recomendaciones-sobre-la-viruela-simica\" class=\"wp-block-heading\">Vigilancia activa y recomendaciones sobre la viruela s\u00edmica<\/h2>\n<p>La enfermedad se caracteriza por la presencia de\u00a0fiebre\u00a0y la aparici\u00f3n de\u00a0peque\u00f1as ampollas en la piel. Uno de sus principales mecanismos de contagio es el\u00a0contacto sexual, y en casos graves\u00a0puede ser mortal.<\/p>\n<ul class=\"wp-block-list\">\n<li>Los\u00a0s\u00edntomas pueden indicar entre 5 a 21 d\u00edas posteriores\u00a0al contacto con el virus<\/li>\n<li>Los s\u00edntomas duran entre 2 a 4 semanas<\/li>\n<li>Contacto con lesiones piel a piel, a tocar objetos o materiales contaminados con fluidos de personas infectadas (sangre, secreciones de las lesiones o respiratorias)<\/li>\n<\/ul>\n<p>Las recomendaciones principales para prevenir el contagio son:<\/p>\n<ul class=\"wp-block-list\">\n<li>Lavarse las manos frecuentemente con agua y jab\u00f3n<\/li>\n<li>Evitar el contacto f\u00edsico cercano con personas con lesiones sospechosas<\/li>\n<li>No compartir objetos personales ni ropa de cama<\/li>\n<\/ul>\n<p>La\u00a0Secretar\u00eda de Salud\u00a0destac\u00f3 que mantiene la vigilancia epidemiol\u00f3gica mediante confirmaci\u00f3n por\u00a0prueba PCR\u00a0en laboratorios certificados.<\/p>\n<p><img loading=\"lazy\" decoding=\"async\" class=\"alignnone size-medium wp-image-4926\" src=\"https:\/\/lavozdedelicias.com\/wp-content\/uploads\/2025\/08\/mpox-mexico-101833-173829-1024x576-1-300x169.jpg\" alt=\"\" width=\"300\" height=\"169\" srcset=\"https:\/\/lavozdedelicias.com\/wp-content\/uploads\/2025\/08\/mpox-mexico-101833-173829-1024x576-1-300x169.jpg 300w, https:\/\/lavozdedelicias.com\/wp-content\/uploads\/2025\/08\/mpox-mexico-101833-173829-1024x576-1-768x432.jpg 768w, https:\/\/lavozdedelicias.com\/wp-content\/uploads\/2025\/08\/mpox-mexico-101833-173829-1024x576-1-390x220.jpg 390w, https:\/\/lavozdedelicias.com\/wp-content\/uploads\/2025\/08\/mpox-mexico-101833-173829-1024x576-1.jpg 1024w\" sizes=\"auto, (max-width: 300px) 100vw, 300px\" \/><\/p>\n","protected":false},"excerpt":{"rendered":"<p>La\u00a0Secretar\u00eda de Salud\u00a0confirm\u00f3 un aumento significativo de\u00a0viruela s\u00edmica\u00a0o\u00a0Mpox\u00a0(antes conocida como\u00a0viruela del mono) en M\u00e9xico con 467 casos registrados hasta la Semana 30, seg\u00fan el\u00a0Bolet\u00edn Epidemiol\u00f3gico\u00a0publicado por la Secretar\u00eda de Salud este lunes 4 de agosto. Por su parte, la\u00a0CDMX\u00a0concentra\u00a0280 casos. La cifra representa un\u00a0incremento significativo\u00a0respecto al mismo periodo de 2024, en el que se contabilizaron\u00a046 &hellip;<\/p>\n","protected":false},"author":2,"featured_media":4926,"comment_status":"open","ping_status":"closed","sticky":false,"template":"","format":"standard","meta":{"footnotes":""},"categories":[28],"tags":[],"class_list":["post-4925","post","type-post","status-publish","format-standard","has-post-thumbnail","hentry","category-nacionales"],"_links":{"self":[{"href":"https:\/\/lavozdedelicias.com\/index.php\/wp-json\/wp\/v2\/posts\/4925","targetHints":{"allow":["GET"]}}],"collection":[{"href":"https:\/\/lavozdedelicias.com\/index.php\/wp-json\/wp\/v2\/posts"}],"about":[{"href":"https:\/\/lavozdedelicias.com\/index.php\/wp-json\/wp\/v2\/types\/post"}],"author":[{"embeddable":true,"href":"https:\/\/lavozdedelicias.com\/index.php\/wp-json\/wp\/v2\/users\/2"}],"replies":[{"embeddable":true,"href":"https:\/\/lavozdedelicias.com\/index.php\/wp-json\/wp\/v2\/comments?post=4925"}],"version-history":[{"count":2,"href":"https:\/\/lavozdedelicias.com\/index.php\/wp-json\/wp\/v2\/posts\/4925\/revisions"}],"predecessor-version":[{"id":4928,"href":"https:\/\/lavozdedelicias.com\/index.php\/wp-json\/wp\/v2\/posts\/4925\/revisions\/4928"}],"wp:featuredmedia":[{"embeddable":true,"href":"https:\/\/lavozdedelicias.com\/index.php\/wp-json\/wp\/v2\/media\/4926"}],"wp:attachment":[{"href":"https:\/\/lavozdedelicias.com\/index.php\/wp-json\/wp\/v2\/media?parent=4925"}],"wp:term":[{"taxonomy":"category","embeddable":true,"href":"https:\/\/lavozdedelicias.com\/index.php\/wp-json\/wp\/v2\/categories?post=4925"},{"taxonomy":"post_tag","embeddable":true,"href":"https:\/\/lavozdedelicias.com\/index.php\/wp-json\/wp\/v2\/tags?post=4925"}],"curies":[{"name":"wp","href":"https:\/\/api.w.org\/{rel}","templated":true}]}}