{"id":4859,"date":"2025-08-04T02:53:43","date_gmt":"2025-08-04T02:53:43","guid":{"rendered":"https:\/\/lavozdedelicias.com\/?p=4859"},"modified":"2025-08-04T02:53:43","modified_gmt":"2025-08-04T02:53:43","slug":"avion-vuelve-de-emergencia-a-madrid-tras-despegue-por-choque-con-ave","status":"publish","type":"post","link":"https:\/\/lavozdedelicias.com\/index.php\/2025\/08\/04\/avion-vuelve-de-emergencia-a-madrid-tras-despegue-por-choque-con-ave\/","title":{"rendered":"Avi\u00f3n vuelve de emergencia a Madrid tras despegue por choque con ave"},"content":{"rendered":"<p>Un\u00a0avi\u00f3n\u00a0de Iberia tuvo que regresar de emergencia al aeropuerto de Madrid, Espa\u00f1a, apenas 20 minutos despu\u00e9s de su despegue tras chocar con un ave de gran tama\u00f1o\u00a0que le dej\u00f3 da\u00f1os severos en el cono frontal y en uno de los motores.<\/p>\n<p>Tras el incidente no se reportaron personas lesionadas, aunque la tripulaci\u00f3n tuvo que activar los protocolos de emergencia y soltar las mascarillas de ox\u00edgeno, luego de que entrara humo a la cabina.<\/p>\n<p>Mientras la aerol\u00ednea espa\u00f1ola Iberia no se ha pronunciado respecto al incidente, reportes refieren que este domingo el vuelo IB579 que sali\u00f3 a las 16:18 horas de\u00a0Madrid, con destino a Par\u00eds, Francia, tuvo que regresar de emergencia al Aeropuerto Adolfo Su\u00e1rez Madrid-Barajas.<\/p>\n<p>Agregan que el choque del avi\u00f3n Airbus A321 ocurri\u00f3 poco despu\u00e9s del despegue hacia el Aeropuerto de Par\u00eds-Orly, por lo que la\u00a0torre de control despej\u00f3 la pista 32L, una de las cuatro del aeropuerto madrile\u00f1o, en la que pudo aterrizar\u00a0despu\u00e9s de una vuelta corta sobre la ciudad para reposicionarse.<\/p>\n<p>Toda vez que en tierra ya lo esperaba el cuerpo de bomberos, que supervisaba el aterrizaje, luego de que el\u00a0avi\u00f3n perdi\u00f3 parte de los instrumentos de navegaci\u00f3n\u00a0durante el\u00a0incidente.<\/p>\n<div class=\"code-block code-block-8\">\n<div class=\"code-block\">Aunque apenas inici\u00f3 la investigaci\u00f3n del caso, una vez en el aeropuerto el avi\u00f3n mostraba una parte destruida del cono frontal, as\u00ed como el radar de navegaci\u00f3n, cuyas partes terminaron en el motor izquierdo, da\u00f1ando algunas de las aspas.<\/div>\n<\/div>\n<p>De igual forma, im\u00e1genes mostraron\u00a0parte del cuerpo del ave atorada en el motor, mientras que en redes sociales se report\u00f3 que la tripulaci\u00f3n tuvo que ser atendida por aspiraci\u00f3n del humo que ingres\u00f3 a la cabina tras el choque.<\/p>\n<p>En tanto que la\u00a0aerol\u00ednea ni el aeropuerto reportaron personas lesionadas, toda vez que la tripulaci\u00f3n pudo ser atendida en el lugar una vez que el avi\u00f3n fue remolcado de la pista, y en incidente no pas\u00f3 a mayores.<\/p>\n<p><img loading=\"lazy\" decoding=\"async\" class=\"alignnone size-medium wp-image-4860\" src=\"https:\/\/lavozdedelicias.com\/wp-content\/uploads\/2025\/08\/avion-vuelve-de-emergencia-a-madrid-tras-despegue-por-choque-con-ave-184328-300x169.jpg\" alt=\"\" width=\"300\" height=\"169\" srcset=\"https:\/\/lavozdedelicias.com\/wp-content\/uploads\/2025\/08\/avion-vuelve-de-emergencia-a-madrid-tras-despegue-por-choque-con-ave-184328-300x169.jpg 300w, https:\/\/lavozdedelicias.com\/wp-content\/uploads\/2025\/08\/avion-vuelve-de-emergencia-a-madrid-tras-despegue-por-choque-con-ave-184328-1024x576.jpg 1024w, https:\/\/lavozdedelicias.com\/wp-content\/uploads\/2025\/08\/avion-vuelve-de-emergencia-a-madrid-tras-despegue-por-choque-con-ave-184328-768x432.jpg 768w, https:\/\/lavozdedelicias.com\/wp-content\/uploads\/2025\/08\/avion-vuelve-de-emergencia-a-madrid-tras-despegue-por-choque-con-ave-184328-390x220.jpg 390w, https:\/\/lavozdedelicias.com\/wp-content\/uploads\/2025\/08\/avion-vuelve-de-emergencia-a-madrid-tras-despegue-por-choque-con-ave-184328.jpg 1200w\" sizes=\"auto, (max-width: 300px) 100vw, 300px\" \/><\/p>\n","protected":false},"excerpt":{"rendered":"<p>Un\u00a0avi\u00f3n\u00a0de Iberia tuvo que regresar de emergencia al aeropuerto de Madrid, Espa\u00f1a, apenas 20 minutos despu\u00e9s de su despegue tras chocar con un ave de gran tama\u00f1o\u00a0que le dej\u00f3 da\u00f1os severos en el cono frontal y en uno de los motores. Tras el incidente no se reportaron personas lesionadas, aunque la tripulaci\u00f3n tuvo que activar &hellip;<\/p>\n","protected":false},"author":2,"featured_media":4860,"comment_status":"open","ping_status":"closed","sticky":false,"template":"","format":"standard","meta":{"footnotes":""},"categories":[29],"tags":[],"class_list":["post-4859","post","type-post","status-publish","format-standard","has-post-thumbnail","hentry","category-internacional"],"_links":{"self":[{"href":"https:\/\/lavozdedelicias.com\/index.php\/wp-json\/wp\/v2\/posts\/4859","targetHints":{"allow":["GET"]}}],"collection":[{"href":"https:\/\/lavozdedelicias.com\/index.php\/wp-json\/wp\/v2\/posts"}],"about":[{"href":"https:\/\/lavozdedelicias.com\/index.php\/wp-json\/wp\/v2\/types\/post"}],"author":[{"embeddable":true,"href":"https:\/\/lavozdedelicias.com\/index.php\/wp-json\/wp\/v2\/users\/2"}],"replies":[{"embeddable":true,"href":"https:\/\/lavozdedelicias.com\/index.php\/wp-json\/wp\/v2\/comments?post=4859"}],"version-history":[{"count":2,"href":"https:\/\/lavozdedelicias.com\/index.php\/wp-json\/wp\/v2\/posts\/4859\/revisions"}],"predecessor-version":[{"id":4862,"href":"https:\/\/lavozdedelicias.com\/index.php\/wp-json\/wp\/v2\/posts\/4859\/revisions\/4862"}],"wp:featuredmedia":[{"embeddable":true,"href":"https:\/\/lavozdedelicias.com\/index.php\/wp-json\/wp\/v2\/media\/4860"}],"wp:attachment":[{"href":"https:\/\/lavozdedelicias.com\/index.php\/wp-json\/wp\/v2\/media?parent=4859"}],"wp:term":[{"taxonomy":"category","embeddable":true,"href":"https:\/\/lavozdedelicias.com\/index.php\/wp-json\/wp\/v2\/categories?post=4859"},{"taxonomy":"post_tag","embeddable":true,"href":"https:\/\/lavozdedelicias.com\/index.php\/wp-json\/wp\/v2\/tags?post=4859"}],"curies":[{"name":"wp","href":"https:\/\/api.w.org\/{rel}","templated":true}]}}