{"id":4829,"date":"2025-08-01T21:36:53","date_gmt":"2025-08-01T21:36:53","guid":{"rendered":"https:\/\/lavozdedelicias.com\/?p=4829"},"modified":"2025-08-01T21:36:53","modified_gmt":"2025-08-01T21:36:53","slug":"israel-vallarta-abandona-el-penal-del-altiplano-luego-de-casi-20-anos-sin-sentencia","status":"publish","type":"post","link":"https:\/\/lavozdedelicias.com\/index.php\/2025\/08\/01\/israel-vallarta-abandona-el-penal-del-altiplano-luego-de-casi-20-anos-sin-sentencia\/","title":{"rendered":"Israel Vallarta abandona el penal del Altiplano luego de casi 20 a\u00f1os sin sentencia"},"content":{"rendered":"<p data-start=\"268\" data-end=\"726\">Israel Vallarta Cisneros sali\u00f3 del penal de m\u00e1xima seguridad del Altiplano a las 9:52 de la ma\u00f1ana del 1\u00b0 de agosto de 2025, poniendo fin a casi dos d\u00e9cadas de prisi\u00f3n preventiva sin recibir una sentencia. La jueza Mariana Vieyra Valdez, del Juzgado Tercero de Distrito en Materia Penal en Toluca, determin\u00f3 que no se acredit\u00f3 su participaci\u00f3n en los delitos de secuestro, delincuencia organizada y posesi\u00f3n de armas, lo que motiv\u00f3 su liberaci\u00f3n inmediata.<\/p>\n<p data-start=\"728\" data-end=\"1121\">Vallarta fue detenido en diciembre de 2005 junto con la ciudadana francesa Florence Cassez, en un caso que se convirti\u00f3 en esc\u00e1ndalo medi\u00e1tico debido al montaje televisivo realizado por autoridades del gobierno de Felipe Calder\u00f3n. Mientras Cassez fue liberada en 2013, Vallarta permaneci\u00f3 preso, convirti\u00e9ndose en uno de los ejemplos m\u00e1s notorios de abuso de la prisi\u00f3n preventiva en M\u00e9xico.<\/p>\n<p data-start=\"1123\" data-end=\"1491\">En sus primeras declaraciones tras recuperar la libertad, Vallarta asegur\u00f3 que \u201cla verdad se iba a imponer\u201d y advirti\u00f3 que \u201cse van a enterar de muchas verdades\u201d sobre el caso. Afirm\u00f3 que eval\u00faa la posibilidad de demandar al Estado por el tiempo que pas\u00f3 encarcelado, aunque por el momento prefiere reunirse con su familia y procesar las p\u00e9rdidas personales sufridas.<\/p>\n<p data-start=\"1123\" data-end=\"1491\"><img loading=\"lazy\" decoding=\"async\" class=\"alignnone size-medium wp-image-4830\" src=\"https:\/\/lavozdedelicias.com\/wp-content\/uploads\/2025\/08\/VALLARTA-300x188.jpg\" alt=\"\" width=\"300\" height=\"188\" srcset=\"https:\/\/lavozdedelicias.com\/wp-content\/uploads\/2025\/08\/VALLARTA-300x188.jpg 300w, https:\/\/lavozdedelicias.com\/wp-content\/uploads\/2025\/08\/VALLARTA-1024x640.jpg 1024w, https:\/\/lavozdedelicias.com\/wp-content\/uploads\/2025\/08\/VALLARTA-768x480.jpg 768w, https:\/\/lavozdedelicias.com\/wp-content\/uploads\/2025\/08\/VALLARTA.jpg 1280w\" sizes=\"auto, (max-width: 300px) 100vw, 300px\" \/><\/p>\n<p data-start=\"1493\" data-end=\"1926\">La presidenta Claudia Sheinbaum calific\u00f3 su liberaci\u00f3n como un s\u00edmbolo de los abusos cometidos por el sistema judicial y apunt\u00f3 directamente al gobierno de Calder\u00f3n, acusando a Genaro Garc\u00eda Luna y a Luis C\u00e1rdenas Palomino \u2014hoy ambos presos\u2014 de haber orquestado el montaje. Organizaciones como el Centro ProDH celebraron la resoluci\u00f3n como un avance contra la criminalizaci\u00f3n sin pruebas y el uso excesivo de la prisi\u00f3n preventiva.<\/p>\n<p data-start=\"1928\" data-end=\"2310\">Vallarta, de 55 a\u00f1os, se\u00f1al\u00f3 que aunque no puede \u201cvolver a comenzar\u201d, tiene planes de concluir su carrera en Derecho Penal y apoyar a personas que viven situaciones similares. Su caso fue seguido de cerca por el Comit\u00e9 contra la Tortura de la ONU, que en 2023 emiti\u00f3 medidas cautelares por las denuncias de tortura y el deterioro de su salud f\u00edsica y mental tras a\u00f1os de encierro.<\/p>\n<p>&nbsp;<\/p>\n","protected":false},"excerpt":{"rendered":"<p>Israel Vallarta Cisneros sali\u00f3 del penal de m\u00e1xima seguridad del Altiplano a las 9:52 de la ma\u00f1ana del 1\u00b0 de agosto de 2025, poniendo fin a casi dos d\u00e9cadas de prisi\u00f3n preventiva sin recibir una sentencia. La jueza Mariana Vieyra Valdez, del Juzgado Tercero de Distrito en Materia Penal en Toluca, determin\u00f3 que no se &hellip;<\/p>\n","protected":false},"author":2,"featured_media":4830,"comment_status":"open","ping_status":"closed","sticky":false,"template":"","format":"standard","meta":{"footnotes":""},"categories":[36,28],"tags":[],"class_list":["post-4829","post","type-post","status-publish","format-standard","has-post-thumbnail","hentry","category-espectaculos","category-nacionales"],"_links":{"self":[{"href":"https:\/\/lavozdedelicias.com\/index.php\/wp-json\/wp\/v2\/posts\/4829","targetHints":{"allow":["GET"]}}],"collection":[{"href":"https:\/\/lavozdedelicias.com\/index.php\/wp-json\/wp\/v2\/posts"}],"about":[{"href":"https:\/\/lavozdedelicias.com\/index.php\/wp-json\/wp\/v2\/types\/post"}],"author":[{"embeddable":true,"href":"https:\/\/lavozdedelicias.com\/index.php\/wp-json\/wp\/v2\/users\/2"}],"replies":[{"embeddable":true,"href":"https:\/\/lavozdedelicias.com\/index.php\/wp-json\/wp\/v2\/comments?post=4829"}],"version-history":[{"count":1,"href":"https:\/\/lavozdedelicias.com\/index.php\/wp-json\/wp\/v2\/posts\/4829\/revisions"}],"predecessor-version":[{"id":4831,"href":"https:\/\/lavozdedelicias.com\/index.php\/wp-json\/wp\/v2\/posts\/4829\/revisions\/4831"}],"wp:featuredmedia":[{"embeddable":true,"href":"https:\/\/lavozdedelicias.com\/index.php\/wp-json\/wp\/v2\/media\/4830"}],"wp:attachment":[{"href":"https:\/\/lavozdedelicias.com\/index.php\/wp-json\/wp\/v2\/media?parent=4829"}],"wp:term":[{"taxonomy":"category","embeddable":true,"href":"https:\/\/lavozdedelicias.com\/index.php\/wp-json\/wp\/v2\/categories?post=4829"},{"taxonomy":"post_tag","embeddable":true,"href":"https:\/\/lavozdedelicias.com\/index.php\/wp-json\/wp\/v2\/tags?post=4829"}],"curies":[{"name":"wp","href":"https:\/\/api.w.org\/{rel}","templated":true}]}}