{"id":4815,"date":"2025-08-01T07:14:17","date_gmt":"2025-08-01T07:14:17","guid":{"rendered":"https:\/\/lavozdedelicias.com\/?p=4815"},"modified":"2025-08-01T07:14:17","modified_gmt":"2025-08-01T07:14:17","slug":"abriran-en-meoqui-nueva-convocatoria-de-becas-universitarias-en-agosto","status":"publish","type":"post","link":"https:\/\/lavozdedelicias.com\/index.php\/2025\/08\/01\/abriran-en-meoqui-nueva-convocatoria-de-becas-universitarias-en-agosto\/","title":{"rendered":"Abrir\u00e1n en Meoqui nueva convocatoria de Becas Universitarias en agosto"},"content":{"rendered":"<p>La alcaldesa de Meoqui Miriam Soto, dio a conocer que en los pr\u00f3ximos d\u00edas se abrir\u00e1 la convocatoria del programa de Becas Universitarias Econ\u00f3micas, de Convenio y de Transporte correspondiente al semestre agosto \u2013 diciembre, la cual, benefici\u00f3 el ciclo anterior a m\u00e1s de 400 meoquenses que estudian el nivel superior, apoyando su econom\u00eda y siendo adem\u00e1s un r\u00e9cord hist\u00f3rico la respuesta de esta convocatoria en sus administraciones.<\/p>\n<p>Miriam Soto, record\u00f3 que, a lo largo de sus dos periodos en el Gobierno Municipal, se han firmado 12 convenios con universidades, siendo la m\u00e1s reciente con la UACH, as\u00ed como con instituciones educativas como ICATECH, CECATI, Aula 286, lo que permite un gran abanico de oportunidades para quienes deseen continuar con sus estudios: \u201cMuy contenta porque en la pasada convocatoria para nosotros fue hist\u00f3rico la cantidad de becas que entregamos, ha sido la m\u00e1s alta en lo que me ha tocado de la administraci\u00f3n, lo importante para nosotros es que cualquier persona que quiera seguir estudiando tenga la posibilidad y que como gobierno podamos ayudarles, impulsarlos y que sea la menor carga econ\u00f3mica posible\u201d.<\/p>\n<p>Finalmente, la alcaldesa invit\u00f3 a los estudiantes del municipio a estar atentos a los medios oficiales del Gobierno Municipal para conocer las fechas y los requisitos oficiales de la convocatoria, teniendo como tentativa la segunda semana de agosto la recepci\u00f3n de documentos: \u201cEsto es trabajar de forma directa por la educaci\u00f3n, con nuestros j\u00f3venes y apoyando la econom\u00eda de las familias\u201d, concluy\u00f3.<\/p>\n<p><img loading=\"lazy\" decoding=\"async\" class=\"alignnone size-medium wp-image-4816\" src=\"https:\/\/lavozdedelicias.com\/wp-content\/uploads\/2025\/08\/WhatsApp-Image-2025-07-31-at-1.50.27-PM-300x200.jpeg\" alt=\"\" width=\"300\" height=\"200\" srcset=\"https:\/\/lavozdedelicias.com\/wp-content\/uploads\/2025\/08\/WhatsApp-Image-2025-07-31-at-1.50.27-PM-300x200.jpeg 300w, https:\/\/lavozdedelicias.com\/wp-content\/uploads\/2025\/08\/WhatsApp-Image-2025-07-31-at-1.50.27-PM-1024x682.jpeg 1024w, https:\/\/lavozdedelicias.com\/wp-content\/uploads\/2025\/08\/WhatsApp-Image-2025-07-31-at-1.50.27-PM-768x512.jpeg 768w, https:\/\/lavozdedelicias.com\/wp-content\/uploads\/2025\/08\/WhatsApp-Image-2025-07-31-at-1.50.27-PM.jpeg 1280w\" sizes=\"auto, (max-width: 300px) 100vw, 300px\" \/><\/p>\n","protected":false},"excerpt":{"rendered":"<p>La alcaldesa de Meoqui Miriam Soto, dio a conocer que en los pr\u00f3ximos d\u00edas se abrir\u00e1 la convocatoria del programa de Becas Universitarias Econ\u00f3micas, de Convenio y de Transporte correspondiente al semestre agosto \u2013 diciembre, la cual, benefici\u00f3 el ciclo anterior a m\u00e1s de 400 meoquenses que estudian el nivel superior, apoyando su econom\u00eda y &hellip;<\/p>\n","protected":false},"author":2,"featured_media":4816,"comment_status":"open","ping_status":"closed","sticky":false,"template":"","format":"standard","meta":{"footnotes":""},"categories":[21,24],"tags":[],"class_list":["post-4815","post","type-post","status-publish","format-standard","has-post-thumbnail","hentry","category-la-region","category-meoqui"],"_links":{"self":[{"href":"https:\/\/lavozdedelicias.com\/index.php\/wp-json\/wp\/v2\/posts\/4815","targetHints":{"allow":["GET"]}}],"collection":[{"href":"https:\/\/lavozdedelicias.com\/index.php\/wp-json\/wp\/v2\/posts"}],"about":[{"href":"https:\/\/lavozdedelicias.com\/index.php\/wp-json\/wp\/v2\/types\/post"}],"author":[{"embeddable":true,"href":"https:\/\/lavozdedelicias.com\/index.php\/wp-json\/wp\/v2\/users\/2"}],"replies":[{"embeddable":true,"href":"https:\/\/lavozdedelicias.com\/index.php\/wp-json\/wp\/v2\/comments?post=4815"}],"version-history":[{"count":1,"href":"https:\/\/lavozdedelicias.com\/index.php\/wp-json\/wp\/v2\/posts\/4815\/revisions"}],"predecessor-version":[{"id":4817,"href":"https:\/\/lavozdedelicias.com\/index.php\/wp-json\/wp\/v2\/posts\/4815\/revisions\/4817"}],"wp:featuredmedia":[{"embeddable":true,"href":"https:\/\/lavozdedelicias.com\/index.php\/wp-json\/wp\/v2\/media\/4816"}],"wp:attachment":[{"href":"https:\/\/lavozdedelicias.com\/index.php\/wp-json\/wp\/v2\/media?parent=4815"}],"wp:term":[{"taxonomy":"category","embeddable":true,"href":"https:\/\/lavozdedelicias.com\/index.php\/wp-json\/wp\/v2\/categories?post=4815"},{"taxonomy":"post_tag","embeddable":true,"href":"https:\/\/lavozdedelicias.com\/index.php\/wp-json\/wp\/v2\/tags?post=4815"}],"curies":[{"name":"wp","href":"https:\/\/api.w.org\/{rel}","templated":true}]}}