{"id":4677,"date":"2025-07-22T03:41:03","date_gmt":"2025-07-22T03:41:03","guid":{"rendered":"https:\/\/lavozdedelicias.com\/?p=4677"},"modified":"2025-07-22T03:41:03","modified_gmt":"2025-07-22T03:41:03","slug":"instalan-mesa-de-seguridad-y-justicia-en-meoqui-con-los-tres-niveles-de-gobierno-ciudadanos-y-ficosec","status":"publish","type":"post","link":"https:\/\/lavozdedelicias.com\/index.php\/2025\/07\/22\/instalan-mesa-de-seguridad-y-justicia-en-meoqui-con-los-tres-niveles-de-gobierno-ciudadanos-y-ficosec\/","title":{"rendered":"Instalan Mesa de Seguridad y Justicia en Meoqui con los tres niveles de gobierno, ciudadanos y FICOSEC"},"content":{"rendered":"<p>La alcaldesa Miriam Soto encabez\u00f3 la Primera Reuni\u00f3n Plenaria de la Mesa de Seguridad y Justicia de Meoqui, un espacio de colaboraci\u00f3n entre ciudadan\u00eda, corporaciones policiacas, sociedad civil organizada, sector empresarial y autoridades de los tres niveles de gobierno, enfocado en fortalecer la seguridad y la construcci\u00f3n de la paz en el municipio.<\/p>\n<p>\u201cEsta iniciativa ciudadana representa un paso importante en la construcci\u00f3n de un municipio m\u00e1s seguro. Celebramos esta alianza entre la sociedad civil, FICOSEC, la Fiscal\u00eda, la Secretar\u00eda de Seguridad P\u00fablica Estatal y empresarios locales\u201d, expres\u00f3 Miriam Soto, alcaldesa del municipio, destacando la importancia del trabajo conjunto para mejorar las condiciones de seguridad en Meoqui.<\/p>\n<p>Durante la reuni\u00f3n se presentaron indicadores por parte del Observatorio Ciudadano de FICOSEC y de la Fiscal\u00eda General del Estado, lo que permitir\u00e1 tomar decisiones informadas y dise\u00f1ar estrategias m\u00e1s efectivas. Asimismo, se reiter\u00f3 la importancia de fomentar la denuncia ciudadana y trabajar no solo desde las corporaciones, sino tambi\u00e9n desde el entorno familiar.<\/p>\n<p>La presidenta municipal record\u00f3 que anteriormente se pusieron en marcha programas como Educaci\u00f3n Positiva, DARE, Polic\u00edas por la Paz y Muros Vinculantes, como parte de una estrategia integral que tambi\u00e9n involucra la atenci\u00f3n a v\u00edctimas y la prevenci\u00f3n del delito.<\/p>\n<p>El director de Seguridad P\u00fablica Municipal, el Lic. V\u00edctor Orona, inform\u00f3 que se continuar\u00e1n los operativos extraordinarios y se fortalecer\u00e1n los canales de comunicaci\u00f3n directa con la ciudadan\u00eda: \u201cSeguimos trabajando con los grupos vecinales v\u00eda WhatsApp para conocer de primera mano lo que est\u00e1 afectando a la poblaci\u00f3n. Adem\u00e1s, damos acompa\u00f1amiento a v\u00edctimas, especialmente en colaboraci\u00f3n con la Fiscal\u00eda Especializada de la Mujer\u201d.<\/p>\n<p>Por su parte, Roberto Cisneros Soto, coordinador de la Mesa de Seguridad y Justicia de Meoqui, resalt\u00f3 el compromiso de todos los sectores involucrados: \u201cGracias a la apertura del Gobierno Municipal, hoy tenemos una estructura clara y una metodolog\u00eda definida para medir avances y detectar \u00e1reas de oportunidad. Esta uni\u00f3n entre sociedad civil, gobierno y empresarios es el camino para ofrecer una ciudad m\u00e1s segura\u201d.<\/p>\n<p>\u201cEste es un gran paso para articular esfuerzos institucionales y enfocar las acciones en reducir la impunidad y mejorar los \u00edndices de seguridad y justicia en Meoqui\u201d, expres\u00f3 Jorge Mu\u00f1oz, presidente del Consejo Local de FICOSEC Delicias, adem\u00e1s reconoci\u00f3 el esfuerzo ciudadano que dio origen a esta mesa, destacando la voluntad pol\u00edtica de la alcaldesa y el compromiso de los distintos niveles de gobierno.<\/p>\n<p><img loading=\"lazy\" decoding=\"async\" class=\"alignnone size-medium wp-image-4678\" src=\"https:\/\/lavozdedelicias.com\/wp-content\/uploads\/2025\/07\/WhatsApp-Image-2025-07-21-at-1.51.25-PM-300x200.jpeg\" alt=\"\" width=\"300\" height=\"200\" srcset=\"https:\/\/lavozdedelicias.com\/wp-content\/uploads\/2025\/07\/WhatsApp-Image-2025-07-21-at-1.51.25-PM-300x200.jpeg 300w, https:\/\/lavozdedelicias.com\/wp-content\/uploads\/2025\/07\/WhatsApp-Image-2025-07-21-at-1.51.25-PM-1024x682.jpeg 1024w, https:\/\/lavozdedelicias.com\/wp-content\/uploads\/2025\/07\/WhatsApp-Image-2025-07-21-at-1.51.25-PM-768x512.jpeg 768w, https:\/\/lavozdedelicias.com\/wp-content\/uploads\/2025\/07\/WhatsApp-Image-2025-07-21-at-1.51.25-PM.jpeg 1280w\" sizes=\"auto, (max-width: 300px) 100vw, 300px\" \/><\/p>\n","protected":false},"excerpt":{"rendered":"<p>La alcaldesa Miriam Soto encabez\u00f3 la Primera Reuni\u00f3n Plenaria de la Mesa de Seguridad y Justicia de Meoqui, un espacio de colaboraci\u00f3n entre ciudadan\u00eda, corporaciones policiacas, sociedad civil organizada, sector empresarial y autoridades de los tres niveles de gobierno, enfocado en fortalecer la seguridad y la construcci\u00f3n de la paz en el municipio. \u201cEsta iniciativa &hellip;<\/p>\n","protected":false},"author":2,"featured_media":4678,"comment_status":"open","ping_status":"closed","sticky":false,"template":"","format":"standard","meta":{"footnotes":""},"categories":[21,24],"tags":[],"class_list":["post-4677","post","type-post","status-publish","format-standard","has-post-thumbnail","hentry","category-la-region","category-meoqui"],"_links":{"self":[{"href":"https:\/\/lavozdedelicias.com\/index.php\/wp-json\/wp\/v2\/posts\/4677","targetHints":{"allow":["GET"]}}],"collection":[{"href":"https:\/\/lavozdedelicias.com\/index.php\/wp-json\/wp\/v2\/posts"}],"about":[{"href":"https:\/\/lavozdedelicias.com\/index.php\/wp-json\/wp\/v2\/types\/post"}],"author":[{"embeddable":true,"href":"https:\/\/lavozdedelicias.com\/index.php\/wp-json\/wp\/v2\/users\/2"}],"replies":[{"embeddable":true,"href":"https:\/\/lavozdedelicias.com\/index.php\/wp-json\/wp\/v2\/comments?post=4677"}],"version-history":[{"count":1,"href":"https:\/\/lavozdedelicias.com\/index.php\/wp-json\/wp\/v2\/posts\/4677\/revisions"}],"predecessor-version":[{"id":4679,"href":"https:\/\/lavozdedelicias.com\/index.php\/wp-json\/wp\/v2\/posts\/4677\/revisions\/4679"}],"wp:featuredmedia":[{"embeddable":true,"href":"https:\/\/lavozdedelicias.com\/index.php\/wp-json\/wp\/v2\/media\/4678"}],"wp:attachment":[{"href":"https:\/\/lavozdedelicias.com\/index.php\/wp-json\/wp\/v2\/media?parent=4677"}],"wp:term":[{"taxonomy":"category","embeddable":true,"href":"https:\/\/lavozdedelicias.com\/index.php\/wp-json\/wp\/v2\/categories?post=4677"},{"taxonomy":"post_tag","embeddable":true,"href":"https:\/\/lavozdedelicias.com\/index.php\/wp-json\/wp\/v2\/tags?post=4677"}],"curies":[{"name":"wp","href":"https:\/\/api.w.org\/{rel}","templated":true}]}}