{"id":4448,"date":"2025-07-01T02:52:58","date_gmt":"2025-07-01T02:52:58","guid":{"rendered":"https:\/\/lavozdedelicias.com\/?p=4448"},"modified":"2025-07-01T02:52:58","modified_gmt":"2025-07-01T02:52:58","slug":"informa-gobierno-del-estado-cierre-de-tramo-carretero-la-perla-la-mula","status":"publish","type":"post","link":"https:\/\/lavozdedelicias.com\/index.php\/2025\/07\/01\/informa-gobierno-del-estado-cierre-de-tramo-carretero-la-perla-la-mula\/","title":{"rendered":"Informa Gobierno del Estado cierre de tramo carretero La Perla\u2013La Mula"},"content":{"rendered":"<p>El Gobierno del Estado informa a la ciudadan\u00eda que, como medida de seguridad ante las condiciones actuales, la Secretar\u00eda de Comunicaciones y Obras P\u00fablica (SCOP) ha procedido al cierre del kil\u00f3metro 33+000 del tramo La Perla \u2013 La Mula, carretera que conecta a Camargo y Ojinaga, tras la aparici\u00f3n de una grieta en la carpeta asf\u00e1ltica.<\/p>\n<p>El \u00e1rea de Conservaci\u00f3n iniciar\u00e1 labores de reparaci\u00f3n este martes por la ma\u00f1ana, en funci\u00f3n de las condiciones meteorol\u00f3gicas en la zona.<\/p>\n<p>Las autoridades estatales emiten una alerta preventiva a la poblaci\u00f3n ante las afectaciones registradas en calles, avenidas y caminos de la regi\u00f3n centro-sur del estado, debido a la presencia de lluvias intermitentes, puntualmente fuertes a torrenciales, que han provocado escurrimientos, encharcamientos y riesgos en la movilidad terrestre.<\/p>\n<p>La SCOP y la Coordinaci\u00f3n Estatal de Protecci\u00f3n Civil (CEPC), exhortan a la ciudadan\u00eda a evitar movilizaciones innecesarias durante las pr\u00f3ximas horas, especialmente en tramos carreteros y vialidades urbanas susceptibles a acumulaci\u00f3n de agua o con antecedentes de riesgo.<\/p>\n<p>En la capital del estado, la CEPC ha emitido una alerta espec\u00edfica ante el riesgo que representa la acumulaci\u00f3n de agua y el arrastre de veh\u00edculos en diversas vialidades. Para evitar incidentes, se solicita a los conductores evitar circular por zonas anegadas.<\/p>\n<p>Hasta el momento, se identifican como puntos cr\u00edticos las siguientes vialidades: avenida Tecnol\u00f3gico a la altura de la salida a Ju\u00e1rez, canal de la Nogales a la altura de avenida de las Industrias, vialidad Sacramento, avenida Prieto Luj\u00e1n, avenida Sosa Vera, perif\u00e9rico de la Juventud, avenida Cantera, bulevar Fuentes Mares, perif\u00e9rico R. Almada y avenida Fuerza A\u00e9rea.<\/p>\n<p>Se llama a la poblaci\u00f3n mantenerse atenta a los canales oficiales de informaci\u00f3n y seguir todas las recomendaciones emitidas por las autoridades estatales. En caso de emergencia, es necesario comunicarse al 9-1-1.<\/p>\n<p><img loading=\"lazy\" decoding=\"async\" class=\"alignnone size-medium wp-image-4449\" src=\"https:\/\/lavozdedelicias.com\/wp-content\/uploads\/2025\/07\/WhatsApp-Image-2025-06-30-at-5.52.44-PM-300x138.jpeg\" alt=\"\" width=\"300\" height=\"138\" srcset=\"https:\/\/lavozdedelicias.com\/wp-content\/uploads\/2025\/07\/WhatsApp-Image-2025-06-30-at-5.52.44-PM-300x138.jpeg 300w, https:\/\/lavozdedelicias.com\/wp-content\/uploads\/2025\/07\/WhatsApp-Image-2025-06-30-at-5.52.44-PM-1024x472.jpeg 1024w, https:\/\/lavozdedelicias.com\/wp-content\/uploads\/2025\/07\/WhatsApp-Image-2025-06-30-at-5.52.44-PM-768x354.jpeg 768w, https:\/\/lavozdedelicias.com\/wp-content\/uploads\/2025\/07\/WhatsApp-Image-2025-06-30-at-5.52.44-PM-1536x708.jpeg 1536w, https:\/\/lavozdedelicias.com\/wp-content\/uploads\/2025\/07\/WhatsApp-Image-2025-06-30-at-5.52.44-PM.jpeg 1600w\" sizes=\"auto, (max-width: 300px) 100vw, 300px\" \/><\/p>\n","protected":false},"excerpt":{"rendered":"<p>El Gobierno del Estado informa a la ciudadan\u00eda que, como medida de seguridad ante las condiciones actuales, la Secretar\u00eda de Comunicaciones y Obras P\u00fablica (SCOP) ha procedido al cierre del kil\u00f3metro 33+000 del tramo La Perla \u2013 La Mula, carretera que conecta a Camargo y Ojinaga, tras la aparici\u00f3n de una grieta en la carpeta &hellip;<\/p>\n","protected":false},"author":2,"featured_media":4449,"comment_status":"open","ping_status":"closed","sticky":false,"template":"","format":"standard","meta":{"footnotes":""},"categories":[27],"tags":[],"class_list":["post-4448","post","type-post","status-publish","format-standard","has-post-thumbnail","hentry","category-el-estado"],"_links":{"self":[{"href":"https:\/\/lavozdedelicias.com\/index.php\/wp-json\/wp\/v2\/posts\/4448","targetHints":{"allow":["GET"]}}],"collection":[{"href":"https:\/\/lavozdedelicias.com\/index.php\/wp-json\/wp\/v2\/posts"}],"about":[{"href":"https:\/\/lavozdedelicias.com\/index.php\/wp-json\/wp\/v2\/types\/post"}],"author":[{"embeddable":true,"href":"https:\/\/lavozdedelicias.com\/index.php\/wp-json\/wp\/v2\/users\/2"}],"replies":[{"embeddable":true,"href":"https:\/\/lavozdedelicias.com\/index.php\/wp-json\/wp\/v2\/comments?post=4448"}],"version-history":[{"count":1,"href":"https:\/\/lavozdedelicias.com\/index.php\/wp-json\/wp\/v2\/posts\/4448\/revisions"}],"predecessor-version":[{"id":4450,"href":"https:\/\/lavozdedelicias.com\/index.php\/wp-json\/wp\/v2\/posts\/4448\/revisions\/4450"}],"wp:featuredmedia":[{"embeddable":true,"href":"https:\/\/lavozdedelicias.com\/index.php\/wp-json\/wp\/v2\/media\/4449"}],"wp:attachment":[{"href":"https:\/\/lavozdedelicias.com\/index.php\/wp-json\/wp\/v2\/media?parent=4448"}],"wp:term":[{"taxonomy":"category","embeddable":true,"href":"https:\/\/lavozdedelicias.com\/index.php\/wp-json\/wp\/v2\/categories?post=4448"},{"taxonomy":"post_tag","embeddable":true,"href":"https:\/\/lavozdedelicias.com\/index.php\/wp-json\/wp\/v2\/tags?post=4448"}],"curies":[{"name":"wp","href":"https:\/\/api.w.org\/{rel}","templated":true}]}}