{"id":4227,"date":"2025-06-24T03:35:10","date_gmt":"2025-06-24T03:35:10","guid":{"rendered":"https:\/\/lavozdedelicias.com\/?p=4227"},"modified":"2025-06-24T03:35:10","modified_gmt":"2025-06-24T03:35:10","slug":"continua-alza-en-casos-de-tosferina-en-mexico-en-que-estados-se-reportan-casos","status":"publish","type":"post","link":"https:\/\/lavozdedelicias.com\/index.php\/2025\/06\/24\/continua-alza-en-casos-de-tosferina-en-mexico-en-que-estados-se-reportan-casos\/","title":{"rendered":"Contin\u00faa alza en casos de tosferina en M\u00e9xico: \u00bfen qu\u00e9 estados se reportan casos?"},"content":{"rendered":"<p>El\u00a0n\u00famero de casos de tosferina en M\u00e9xico\u00a0aument\u00f3 a\u00a0mil 110, seg\u00fan cifras reportadas por la Direcci\u00f3n General de Epidemiolog\u00eda de la\u00a0Secretar\u00eda de Salud\u00a0en su \u00faltimo\u00a0informe\u00a0con fecha de corte al 20 de junio de 2025.<\/p>\n<p>En tanto, el\u00a0n\u00famero de muertes\u00a0por esta causa se mantuvo en 56 defunciones, respecto al periodo inmediato anterior reportado por las autoridades sanitarias.<\/p>\n<h2 id=\"h-casos-de-tosferina-reportados-por-estado-del-pais\" class=\"wp-block-heading\">Casos de tosferina reportados por estado del pa\u00eds<\/h2>\n<p>De acuerdo con el\u00a0<em>Bolet\u00edn informativo 11\u00a0<\/em>de\u00a0<em>Situaci\u00f3n Epidemiol\u00f3gica de Enfermedades Prevenibles por Vacunaci\u00f3n en M\u00e9xico<\/em>, \u00e9ste es el n\u00famero de casos de tosferina por estado de la Rep\u00fablica:<\/p>\n<ul class=\"wp-block-list\">\n<li>Aguascalientes: 99 casos<\/li>\n<li>Baja California: 18 casos<\/li>\n<li>Baja California Sur: 6 casos<\/li>\n<li>Campeche: 18 casos<\/li>\n<li>Coahuila: 66 casos<\/li>\n<li>Colima: 2 casos<\/li>\n<li>Chiapas: 42 casos<\/li>\n<li>Chihuahua: 117 casos<\/li>\n<li>Ciudad de M\u00e9xico: 120 casos<\/li>\n<li>Durango: 8 casos<\/li>\n<li>Guanajuato: 46 casos<\/li>\n<li>Guerrero: 23 casos<\/li>\n<li>Hidalgo: 36 casos<\/li>\n<li>Jalisco: 52 casos<\/li>\n<li>Edomex: 71 casos<\/li>\n<li>Michoac\u00e1n: 31 casos<\/li>\n<li>Morelos: 36 casos<\/li>\n<li>Nayarit: 2 casos<\/li>\n<li>Nuevo Le\u00f3n: 102 casos<\/li>\n<li>Oaxaca: 34 casos<\/li>\n<li>Puebla: 7 casos<\/li>\n<li>Quer\u00e9taro: 25 casos<\/li>\n<li>Quintana Roo: 12 casos<\/li>\n<li>San Luis Potos\u00ed: 19 casos<\/li>\n<li>Sinaloa: 1 caso<\/li>\n<li>Sonora: 16 casos<\/li>\n<li>Tabasco: 0 casos<\/li>\n<li>Tamaulipas: 10 casos<\/li>\n<li>Tlaxcala: 17 casos<\/li>\n<li>Veracruz: 44 casos<\/li>\n<li>Yucat\u00e1n: 18 casos<\/li>\n<li>Zacatecas: 12 casos<\/li>\n<\/ul>\n<h2 id=\"h-en-que-estados-hay-mas-casos-de-tosferina\" class=\"wp-block-heading\">\u00bfEn qu\u00e9 estados hay m\u00e1s casos de tosferina?<\/h2>\n<div class=\"code-block code-block-1\"><\/div>\n<p>Los\u00a0estados que concentran el mayor n\u00famero de casos de tosferina\u00a0son:<\/p>\n<ul class=\"wp-block-list\">\n<li>Ciudad de M\u00e9xico\u00a0(120)<\/li>\n<li>Chihuahua\u00a0(117)<\/li>\n<li>Nuevo Le\u00f3n\u00a0(102)<\/li>\n<li>Aguascalientes\u00a0(99)<\/li>\n<li>Estado de M\u00e9xico\u00a0(71)<\/li>\n<\/ul>\n<div class=\"code-block code-block-2\">\n<div class=\"truvidPos\">En cuanto a la distribuci\u00f3n geogr\u00e1fica, 31 estados han notificado casos excepto Tabasco.<\/div>\n<\/div>\n<div class=\"code-block code-block-8\">\n<div class=\"code-block\"><\/div>\n<div class=\"code-block\">N\u00famero de casos de tosferina en M\u00e9xico<\/div>\n<\/div>\n<p>En M\u00e9xico se reportaron mil 110 casos confirmados de tosferina\u00a0hasta el informe correspondiente a la\u00a0Semana 24. 42 casos m\u00e1s respecto al reporte previo del 13 de junio, donde se reportaron\u00a0mil 68 casos confirmados.<\/p>\n<p>En el mismo periodo pero de 2024 se registraron 126 casos de\u00a0tosferina,\u00a0aproximadamente ocho veces menos que los registrados en el a\u00f1o curso.<\/p>\n<h2 id=\"h-muertes-por-tosferina-cuantas-se-han-registrado\" class=\"wp-block-heading\">Muertes por tosferina, \u00bfcu\u00e1ntas se han registrado?<\/h2>\n<p>En cuanto al\u00a0n\u00famero de defunciones por tosferina\u00a0\u00e9stas se mantienen en 56, cifra igual a la sostenida en el informe anterior inmediato. Todas las muertes, indica el documento, corresponden a casos en menores de 1 a\u00f1o sin antecedente de vacunaci\u00f3n, y el 89.2% corresponde a menores de 6 meses. En cuanto al sexo, el 61% se present\u00f3 en<br \/>\nmujeres, en ambos informes.<\/p>\n<p>Las defunciones se encuentran distribuidas, seg\u00fan el informe, en 18 entidades, siendo la\u00a0entidad con mayor<br \/>\nletalidad\u00a0Puebla (42.9), seguida de:<\/p>\n<ul class=\"wp-block-list\">\n<li>Tamaulipas (20.0)<\/li>\n<li>Jalisco (13.5)<\/li>\n<li>Chiapas (11.9)<\/li>\n<li>Campeche (11.1)<\/li>\n<\/ul>\n<p>En comparaci\u00f3n, el n\u00famero de\u00a0muertes por tosferina\u00a0registradas en 2025 es 600% m\u00e1s alto que en 2024, donde se registraron ocho fallecimientos en el mismo periodo, y 32 defunciones al cierre de 2024.<\/p>\n<h2 id=\"h-recomendaciones-ante-el-incremento-de-casos-de-tosferina-en-mexico\" class=\"wp-block-heading\">Recomendaciones ante el incremento de casos de tosferina en M\u00e9xico<\/h2>\n<p>Ante el incremento de\u00a0casos de tosferina en M\u00e9xico, se recomienda:<\/p>\n<ul class=\"wp-block-list\">\n<li>Revisar su\u00a0Cartilla Nacional de Salud\u00a0para saber si se cuenta con todas las vacunas<\/li>\n<li>Lavarse las manos con frecuencia y evitar tocarse la cara sin lavarse las manos<\/li>\n<li>Evitar el contacto cercano con personas enfermas y no compartir alimentos, utensilios, cepillos de dientes, cigarros u otros objetos personales similares<\/li>\n<li>Cuidados y medidas higi\u00e9nico-diet\u00e9ticas acordes a la edad, con \u00e9nfasis en las personas reci\u00e9n nacidas y lactantes<\/li>\n<li>Cubrirse la boca y la nariz con un pa\u00f1uelo o con el codo al toser o estornudar<\/li>\n<li>Desechar los pa\u00f1uelos de forma adecuada<\/li>\n<li>Limpiar las superficies<\/li>\n<li>Mantener a los reci\u00e9n nacidos lejos de cualquier persona con tos o s\u00edntomas de resfriado<\/li>\n<li>Aislamiento en caso de presentar la enfermedad<\/li>\n<\/ul>\n<h2 id=\"h-que-es-la-tosferina\" class=\"wp-block-heading\">\u00bfQu\u00e9 es la tosferina?<\/h2>\n<p>La tosferina es una enfermedad respiratoria aguda\u00a0causada por<em>\u00a0Bordetella pertussis,\u00a0<\/em>bacteria altamente contagiosa y sin estacionalidad, que afecta principalmente a menores de un a\u00f1o no inmunizados. Se transmite por contacto con secreciones<br \/>\nrespiratorias, indica la\u00a0Cl\u00ednica Mayo\u00a0de los Estados Unidos.<\/p>\n<p>Los s\u00edntomas, por lo general, son leves al principio y se parecen a los del\u00a0resfriado com\u00fan.\u00a0Estos son:<\/p>\n<ul class=\"wp-block-list\">\n<li>Moqueo<\/li>\n<li>Congesti\u00f3n nasal<\/li>\n<li>Ojos enrojecidos, llorosos<\/li>\n<li>Fiebre<\/li>\n<li>Tos<\/li>\n<\/ul>\n<p>Luego de una semana o dos, los\u00a0signos y s\u00edntomas\u00a0empeoran. La mucosidad espesa se acumula en las\u00a0v\u00edas respiratorias\u00a0y causa una tos incontrolable, que a su vez puede causar: v\u00f3mitos, volver el rostro rojo o azul, causar fatiga, tener un silbido al respirar.<\/p>\n<p><img loading=\"lazy\" decoding=\"async\" class=\"alignnone size-medium wp-image-4228\" src=\"https:\/\/lavozdedelicias.com\/wp-content\/uploads\/2025\/06\/casos-de-tosferina-en-mexico-140327-1024x576-1-300x169.jpg\" alt=\"\" width=\"300\" height=\"169\" srcset=\"https:\/\/lavozdedelicias.com\/wp-content\/uploads\/2025\/06\/casos-de-tosferina-en-mexico-140327-1024x576-1-300x169.jpg 300w, https:\/\/lavozdedelicias.com\/wp-content\/uploads\/2025\/06\/casos-de-tosferina-en-mexico-140327-1024x576-1-768x432.jpg 768w, https:\/\/lavozdedelicias.com\/wp-content\/uploads\/2025\/06\/casos-de-tosferina-en-mexico-140327-1024x576-1-390x220.jpg 390w, https:\/\/lavozdedelicias.com\/wp-content\/uploads\/2025\/06\/casos-de-tosferina-en-mexico-140327-1024x576-1.jpg 1024w\" sizes=\"auto, (max-width: 300px) 100vw, 300px\" \/><\/p>\n","protected":false},"excerpt":{"rendered":"<p>El\u00a0n\u00famero de casos de tosferina en M\u00e9xico\u00a0aument\u00f3 a\u00a0mil 110, seg\u00fan cifras reportadas por la Direcci\u00f3n General de Epidemiolog\u00eda de la\u00a0Secretar\u00eda de Salud\u00a0en su \u00faltimo\u00a0informe\u00a0con fecha de corte al 20 de junio de 2025. En tanto, el\u00a0n\u00famero de muertes\u00a0por esta causa se mantuvo en 56 defunciones, respecto al periodo inmediato anterior reportado por las autoridades sanitarias. &hellip;<\/p>\n","protected":false},"author":2,"featured_media":4228,"comment_status":"open","ping_status":"closed","sticky":false,"template":"","format":"standard","meta":{"footnotes":""},"categories":[28],"tags":[],"class_list":["post-4227","post","type-post","status-publish","format-standard","has-post-thumbnail","hentry","category-nacionales"],"_links":{"self":[{"href":"https:\/\/lavozdedelicias.com\/index.php\/wp-json\/wp\/v2\/posts\/4227","targetHints":{"allow":["GET"]}}],"collection":[{"href":"https:\/\/lavozdedelicias.com\/index.php\/wp-json\/wp\/v2\/posts"}],"about":[{"href":"https:\/\/lavozdedelicias.com\/index.php\/wp-json\/wp\/v2\/types\/post"}],"author":[{"embeddable":true,"href":"https:\/\/lavozdedelicias.com\/index.php\/wp-json\/wp\/v2\/users\/2"}],"replies":[{"embeddable":true,"href":"https:\/\/lavozdedelicias.com\/index.php\/wp-json\/wp\/v2\/comments?post=4227"}],"version-history":[{"count":1,"href":"https:\/\/lavozdedelicias.com\/index.php\/wp-json\/wp\/v2\/posts\/4227\/revisions"}],"predecessor-version":[{"id":4229,"href":"https:\/\/lavozdedelicias.com\/index.php\/wp-json\/wp\/v2\/posts\/4227\/revisions\/4229"}],"wp:featuredmedia":[{"embeddable":true,"href":"https:\/\/lavozdedelicias.com\/index.php\/wp-json\/wp\/v2\/media\/4228"}],"wp:attachment":[{"href":"https:\/\/lavozdedelicias.com\/index.php\/wp-json\/wp\/v2\/media?parent=4227"}],"wp:term":[{"taxonomy":"category","embeddable":true,"href":"https:\/\/lavozdedelicias.com\/index.php\/wp-json\/wp\/v2\/categories?post=4227"},{"taxonomy":"post_tag","embeddable":true,"href":"https:\/\/lavozdedelicias.com\/index.php\/wp-json\/wp\/v2\/tags?post=4227"}],"curies":[{"name":"wp","href":"https:\/\/api.w.org\/{rel}","templated":true}]}}