{"id":4176,"date":"2025-06-20T04:18:21","date_gmt":"2025-06-20T04:18:21","guid":{"rendered":"https:\/\/lavozdedelicias.com\/?p=4176"},"modified":"2025-06-20T04:18:21","modified_gmt":"2025-06-20T04:18:21","slug":"recibe-sentencia-por-robo-a-tienda-oxxo-en-ano-el-2022","status":"publish","type":"post","link":"https:\/\/lavozdedelicias.com\/index.php\/2025\/06\/20\/recibe-sentencia-por-robo-a-tienda-oxxo-en-ano-el-2022\/","title":{"rendered":"Recibe sentencia por robo a tienda Oxxo en a\u00f1o el 2022"},"content":{"rendered":"<p>\u2022 El pasado mes de abril fue vinculado a proceso por el homicidio de un compa\u00f1ero de celda<\/p>\n<p>El Ministerio P\u00fablico de la Unidad Especializada de Investigaci\u00f3n del Delito de Robo de la Fiscal\u00eda de Distrito Zona Centro, obtuvo una sentencia condenatoria de un a\u00f1o y medio de prisi\u00f3n, dictada en contra Ra\u00fal Octavio D. M., por el robo que cometi\u00f3 a una tienda comercial Oxxo en el a\u00f1o 2022.<\/p>\n<p>Fue sentenciado por los hechos en los que, junto con otra persona, a\u00fan sin identificar, caus\u00f3 da\u00f1os a los cristales del local comercial ubicado en las calles R\u00edo Conchos y Ram\u00f3n C\u00f3rdova de la colonia Revoluci\u00f3n para apoderarse de mercanc\u00eda.<\/p>\n<p>La informaci\u00f3n obtenida dentro de las indagatorias, estableci\u00f3 que una tercera persona se qued\u00f3 afuera de la tienda y tras el robo huyeron del lugar caminando.<\/p>\n<p>Asimismo, que momentos despu\u00e9s de cometido el robo, agentes de la Direcci\u00f3n de Seguridad P\u00fablica Municipal detuvieron al ahora sentenciado dentro del t\u00e9rmino de la flagrancia, a\u00fan en posesi\u00f3n de algunos de los art\u00edculos robados.<\/p>\n<p>Conforme a su derecho, el imputado admiti\u00f3 su responsabilidad penal y solicit\u00f3 que se le sentenciara mediante un procedimiento abreviado, por lo que se le impuso una condena de un a\u00f1o y seis meses de prisi\u00f3n, y adem\u00e1s deber\u00e1 pagar la cantidad de 39 mil 993 pesos por concepto de reparaci\u00f3n del da\u00f1o.<\/p>\n<p>Cabe hacer menci\u00f3n, que Ra\u00fal Octavio D. M., se encuentra vinculado a proceso por ser presunto responsable de privar de la vida a un compa\u00f1ero de celda, en hechos registrados el pasado mes de abril.<\/p>\n<p><img loading=\"lazy\" decoding=\"async\" class=\"alignnone size-medium wp-image-4177\" src=\"https:\/\/lavozdedelicias.com\/wp-content\/uploads\/2025\/06\/IMG-20250619-WA0103-252x300.jpg\" alt=\"\" width=\"252\" height=\"300\" srcset=\"https:\/\/lavozdedelicias.com\/wp-content\/uploads\/2025\/06\/IMG-20250619-WA0103-252x300.jpg 252w, https:\/\/lavozdedelicias.com\/wp-content\/uploads\/2025\/06\/IMG-20250619-WA0103.jpg 671w\" sizes=\"auto, (max-width: 252px) 100vw, 252px\" \/><\/p>\n","protected":false},"excerpt":{"rendered":"<p>\u2022 El pasado mes de abril fue vinculado a proceso por el homicidio de un compa\u00f1ero de celda El Ministerio P\u00fablico de la Unidad Especializada de Investigaci\u00f3n del Delito de Robo de la Fiscal\u00eda de Distrito Zona Centro, obtuvo una sentencia condenatoria de un a\u00f1o y medio de prisi\u00f3n, dictada en contra Ra\u00fal Octavio D. &hellip;<\/p>\n","protected":false},"author":2,"featured_media":4177,"comment_status":"open","ping_status":"closed","sticky":false,"template":"","format":"standard","meta":{"footnotes":""},"categories":[27],"tags":[],"class_list":["post-4176","post","type-post","status-publish","format-standard","has-post-thumbnail","hentry","category-el-estado"],"_links":{"self":[{"href":"https:\/\/lavozdedelicias.com\/index.php\/wp-json\/wp\/v2\/posts\/4176","targetHints":{"allow":["GET"]}}],"collection":[{"href":"https:\/\/lavozdedelicias.com\/index.php\/wp-json\/wp\/v2\/posts"}],"about":[{"href":"https:\/\/lavozdedelicias.com\/index.php\/wp-json\/wp\/v2\/types\/post"}],"author":[{"embeddable":true,"href":"https:\/\/lavozdedelicias.com\/index.php\/wp-json\/wp\/v2\/users\/2"}],"replies":[{"embeddable":true,"href":"https:\/\/lavozdedelicias.com\/index.php\/wp-json\/wp\/v2\/comments?post=4176"}],"version-history":[{"count":1,"href":"https:\/\/lavozdedelicias.com\/index.php\/wp-json\/wp\/v2\/posts\/4176\/revisions"}],"predecessor-version":[{"id":4178,"href":"https:\/\/lavozdedelicias.com\/index.php\/wp-json\/wp\/v2\/posts\/4176\/revisions\/4178"}],"wp:featuredmedia":[{"embeddable":true,"href":"https:\/\/lavozdedelicias.com\/index.php\/wp-json\/wp\/v2\/media\/4177"}],"wp:attachment":[{"href":"https:\/\/lavozdedelicias.com\/index.php\/wp-json\/wp\/v2\/media?parent=4176"}],"wp:term":[{"taxonomy":"category","embeddable":true,"href":"https:\/\/lavozdedelicias.com\/index.php\/wp-json\/wp\/v2\/categories?post=4176"},{"taxonomy":"post_tag","embeddable":true,"href":"https:\/\/lavozdedelicias.com\/index.php\/wp-json\/wp\/v2\/tags?post=4176"}],"curies":[{"name":"wp","href":"https:\/\/api.w.org\/{rel}","templated":true}]}}