{"id":4064,"date":"2025-06-18T06:09:12","date_gmt":"2025-06-18T06:09:12","guid":{"rendered":"https:\/\/lavozdedelicias.com\/?p=4064"},"modified":"2025-06-18T06:09:12","modified_gmt":"2025-06-18T06:09:12","slug":"presentan-verano-divertido-polideportivo-2025-para-ninas-y-ninos-de-5-a-13-anos","status":"publish","type":"post","link":"https:\/\/lavozdedelicias.com\/index.php\/2025\/06\/18\/presentan-verano-divertido-polideportivo-2025-para-ninas-y-ninos-de-5-a-13-anos\/","title":{"rendered":"Presentan \u201cVerano Divertido Polideportivo 2025\u201d para ni\u00f1as y ni\u00f1os de 5 a 13 a\u00f1os"},"content":{"rendered":"<p>El Gobierno Municipal de Delicias, a trav\u00e9s del Instituto Municipal del Deporte y la Juventud (INMUDEJ), present\u00f3 oficialmente el campamento \u201cVerano Divertido Polideportivo 2025\u201d, dirigido a ni\u00f1as y ni\u00f1os de entre 5 y 13 a\u00f1os. La rueda de prensa fue encabezada por el director del INMUDEJ, Miguel Aguirre, y el regidor Mario Alberto Mata Lic\u00f3n, encargado de despacho, en las instalaciones de Cabildo.<\/p>\n<p>Este campamento se llevar\u00e1 a cabo del 14 de julio al 8 de agosto, en un horario de 8:30 de la ma\u00f1ana a 2:00 de la tarde en el Polideportivo. Las actividades incluir\u00e1n nataci\u00f3n, f\u00fatbol, b\u00e1squetbol, tochito, voleibol, tenis de mesa, baile moderno, karate, m\u00fasica y psicomotricidad, brindando un espacio de sano desarrollo para las infancias durante el periodo vacacional.<\/p>\n<p>Para inscribirse es necesario presentar dos fotograf\u00edas tama\u00f1o infantil, CURP del menor, identificaci\u00f3n oficial del padre, madre o tutor, y llenar el formato de inscripci\u00f3n. Las inscripciones ya est\u00e1n abiertas, y pueden solicitarse mayores informes directamente en el Polideportivo al tel\u00e9fono (639) 166 04 94 o con el coordinador Ricardo Noriega al (639) 191 29 55 o bien acudir a las oficinas del Polideportivo en un horario de 9 de la ma\u00f1ana a 7 de la tarde de lunes a viernes.<\/p>\n<p>Durante la presentaci\u00f3n, el Mata Lic\u00f3n destac\u00f3 que este programa es una muestra del compromiso del alcalde Jes\u00fas Valenciano con la ni\u00f1ez y la juventud, al fomentar actividades recreativas y deportivas que contribuyen al desarrollo integral de la infancia deliciense. Miguel Aguirre a\u00f1adi\u00f3 que se espera una gran respuesta de la ciudadan\u00eda, como ha ocurrido en a\u00f1os anteriores.<\/p>\n<p><img loading=\"lazy\" decoding=\"async\" class=\"alignnone size-medium wp-image-4065\" src=\"https:\/\/lavozdedelicias.com\/wp-content\/uploads\/2025\/06\/WhatsApp-Image-2025-06-17-at-11.40.47-AM-300x200.jpeg\" alt=\"\" width=\"300\" height=\"200\" srcset=\"https:\/\/lavozdedelicias.com\/wp-content\/uploads\/2025\/06\/WhatsApp-Image-2025-06-17-at-11.40.47-AM-300x200.jpeg 300w, https:\/\/lavozdedelicias.com\/wp-content\/uploads\/2025\/06\/WhatsApp-Image-2025-06-17-at-11.40.47-AM-1024x683.jpeg 1024w, https:\/\/lavozdedelicias.com\/wp-content\/uploads\/2025\/06\/WhatsApp-Image-2025-06-17-at-11.40.47-AM-768x512.jpeg 768w, https:\/\/lavozdedelicias.com\/wp-content\/uploads\/2025\/06\/WhatsApp-Image-2025-06-17-at-11.40.47-AM-1536x1024.jpeg 1536w, https:\/\/lavozdedelicias.com\/wp-content\/uploads\/2025\/06\/WhatsApp-Image-2025-06-17-at-11.40.47-AM-2048x1365.jpeg 2048w\" sizes=\"auto, (max-width: 300px) 100vw, 300px\" \/><\/p>\n","protected":false},"excerpt":{"rendered":"<p>El Gobierno Municipal de Delicias, a trav\u00e9s del Instituto Municipal del Deporte y la Juventud (INMUDEJ), present\u00f3 oficialmente el campamento \u201cVerano Divertido Polideportivo 2025\u201d, dirigido a ni\u00f1as y ni\u00f1os de entre 5 y 13 a\u00f1os. La rueda de prensa fue encabezada por el director del INMUDEJ, Miguel Aguirre, y el regidor Mario Alberto Mata Lic\u00f3n, &hellip;<\/p>\n","protected":false},"author":2,"featured_media":4065,"comment_status":"open","ping_status":"closed","sticky":false,"template":"","format":"standard","meta":{"footnotes":""},"categories":[23],"tags":[],"class_list":["post-4064","post","type-post","status-publish","format-standard","has-post-thumbnail","hentry","category-delicias"],"_links":{"self":[{"href":"https:\/\/lavozdedelicias.com\/index.php\/wp-json\/wp\/v2\/posts\/4064","targetHints":{"allow":["GET"]}}],"collection":[{"href":"https:\/\/lavozdedelicias.com\/index.php\/wp-json\/wp\/v2\/posts"}],"about":[{"href":"https:\/\/lavozdedelicias.com\/index.php\/wp-json\/wp\/v2\/types\/post"}],"author":[{"embeddable":true,"href":"https:\/\/lavozdedelicias.com\/index.php\/wp-json\/wp\/v2\/users\/2"}],"replies":[{"embeddable":true,"href":"https:\/\/lavozdedelicias.com\/index.php\/wp-json\/wp\/v2\/comments?post=4064"}],"version-history":[{"count":1,"href":"https:\/\/lavozdedelicias.com\/index.php\/wp-json\/wp\/v2\/posts\/4064\/revisions"}],"predecessor-version":[{"id":4066,"href":"https:\/\/lavozdedelicias.com\/index.php\/wp-json\/wp\/v2\/posts\/4064\/revisions\/4066"}],"wp:featuredmedia":[{"embeddable":true,"href":"https:\/\/lavozdedelicias.com\/index.php\/wp-json\/wp\/v2\/media\/4065"}],"wp:attachment":[{"href":"https:\/\/lavozdedelicias.com\/index.php\/wp-json\/wp\/v2\/media?parent=4064"}],"wp:term":[{"taxonomy":"category","embeddable":true,"href":"https:\/\/lavozdedelicias.com\/index.php\/wp-json\/wp\/v2\/categories?post=4064"},{"taxonomy":"post_tag","embeddable":true,"href":"https:\/\/lavozdedelicias.com\/index.php\/wp-json\/wp\/v2\/tags?post=4064"}],"curies":[{"name":"wp","href":"https:\/\/api.w.org\/{rel}","templated":true}]}}