{"id":3949,"date":"2025-06-10T03:13:08","date_gmt":"2025-06-10T03:13:08","guid":{"rendered":"https:\/\/lavozdedelicias.com\/?p=3949"},"modified":"2025-06-10T03:13:08","modified_gmt":"2025-06-10T03:13:08","slug":"puentes-y-festivos-del-ciclo-escolar-2025-2026-asi-quedo-el-nuevo-calendario-de-la-sep","status":"publish","type":"post","link":"https:\/\/lavozdedelicias.com\/index.php\/2025\/06\/10\/puentes-y-festivos-del-ciclo-escolar-2025-2026-asi-quedo-el-nuevo-calendario-de-la-sep\/","title":{"rendered":"Puentes y festivos del ciclo escolar 2025 2026: as\u00ed qued\u00f3 el nuevo calendario de la SEP"},"content":{"rendered":"<p>Con el\u00a0calendario escolar 2025-2026 ya confirmado por la\u00a0SEP, miles de familias comienzan a planear el pr\u00f3ximo ciclo. Y entre lo m\u00e1s buscado est\u00e1n los puentes y d\u00edas festivos oficiales que traer\u00e1 este nuevo periodo, el cual arranca el\u00a0lunes 1 de septiembre de 2025\u00a0y concluye el\u00a015 de julio de 2026.<\/p>\n<p>El calendario aplica para escuelas p\u00fablicas y particulares incorporadas al sistema educativo nacional, y contempla tanto\u00a0d\u00edas de descanso obligatorio\u00a0como fechas clave en que se\u00a0suspenden clases por actividades administrativas, como las reuniones del Consejo T\u00e9cnico Escolar.<\/p>\n<h2 id=\"h-dias-de-descanso-y-puentes-escolares-del-calendario-escolar\" class=\"wp-block-heading\">D\u00edas de descanso y puentes escolares del calendario escolar<\/h2>\n<p>A lo largo del ciclo habr\u00e1\u00a0cinco fines de semana largos\u00a0para estudiantes de educaci\u00f3n b\u00e1sica, algunos por\u00a0celebraciones oficiales\u00a0y otros por suspensi\u00f3n de actividades escolares. \u00c9stas son las fechas m\u00e1s relevantes:<\/p>\n<p>Puentes oficiales. Se forman al juntarse con el fin de semana:<\/p>\n<ul class=\"wp-block-list\">\n<li>Lunes 17 de noviembre de 2025\u00a0\u2013 Por el 20 de noviembre (Revoluci\u00f3n Mexicana)<\/li>\n<li>Lunes 2 de febrero de 2026\u00a0\u2013 Por el 5 de febrero (Constituci\u00f3n)<\/li>\n<li>Lunes 16 de marzo de 2026\u00a0\u2013 Por el 21 de marzo (Natalicio de Benito Ju\u00e1rez)<\/li>\n<li>Viernes 1 de mayo: Por el d\u00eda del trabajo<\/li>\n<li>Viernes 15 de mayo: D\u00eda del Maestro<\/li>\n<\/ul>\n<p>Tambi\u00e9n, popularmente se toma como descansos para los estudiantes los d\u00edas de\u00a0reuni\u00f3n del Consejo T\u00e9cnico Escolar.<\/p>\n<div class=\"code-block code-block-8\">\n<div class=\"code-block\">Consejo T\u00e9cnico Escolar (viernes sin clases para estudiantes; se forma el puente al juntarse con el fin de semana. Los docentes s\u00ed tienen actividades escolares):<\/div>\n<\/div>\n<div class=\"code-block code-block-18\"><\/div>\n<ul class=\"wp-block-list\">\n<li>26 de septiembre de 2025<\/li>\n<li>31 de octubre de 2025<\/li>\n<li>28 de noviembre de 2025<\/li>\n<li>30 de enero de 2026<\/li>\n<li>27 de febrero de 2026<\/li>\n<li>27 de marzo de 2026<\/li>\n<li>29 de mayo de 2026<\/li>\n<li>26 de junio de 2026<\/li>\n<\/ul>\n<p>D\u00edas festivos adicionales sin clases (no se forma puente):<\/p>\n<ul class=\"wp-block-list\">\n<li>Martes 16 de septiembre de 2025\u00a0\u2013 D\u00eda de la Independencia<\/li>\n<li>Martes 5 de mayo: Conmemoraci\u00f3n de batalla de Puebla<\/li>\n<\/ul>\n<h2 id=\"h-cuando-seran-las-vacaciones-que-marca-el-calendario-escolar-2025-2026\" class=\"wp-block-heading\">\u00bfCu\u00e1ndo ser\u00e1n las vacaciones que marca el calendario escolar 2025-2026?<\/h2>\n<p>El calendario contempla\u00a0tres periodos vacacionales\u00a0durante el ciclo 2025-2026. \u00c9stas son las fechas en que los alumnos de educaci\u00f3n b\u00e1sica estar\u00e1n libres de actividades escolares:<\/p>\n<ul class=\"wp-block-list\">\n<li>Vacaciones de invierno:\u00a0del lunes 22 de diciembre de 2025 al lunes 6 de enero de 2026. Las clases se reanudan el mi\u00e9rcoles 7 de enero.<\/li>\n<li>Vacaciones de Semana Santa:\u00a0del lunes 30 de marzo al viernes 10 de abril de 2026. Aunque solo se suspenden oficialmente jueves y viernes santos, la SEP otorga dos semanas completas de descanso.<\/li>\n<li>Vacaciones de verano:\u00a0comienzan el jueves 15 de julio de 2026, cuando concluye oficialmente el ciclo escolar. La fecha de inicio del ciclo 2026-2027 a\u00fan no se ha anunciado.<\/li>\n<li><img loading=\"lazy\" decoding=\"async\" class=\"alignnone size-full wp-image-3950\" src=\"https:\/\/lavozdedelicias.com\/wp-content\/uploads\/2025\/06\/images.jpg\" alt=\"\" width=\"300\" height=\"168\" \/><\/li>\n<\/ul>\n","protected":false},"excerpt":{"rendered":"<p>Con el\u00a0calendario escolar 2025-2026 ya confirmado por la\u00a0SEP, miles de familias comienzan a planear el pr\u00f3ximo ciclo. Y entre lo m\u00e1s buscado est\u00e1n los puentes y d\u00edas festivos oficiales que traer\u00e1 este nuevo periodo, el cual arranca el\u00a0lunes 1 de septiembre de 2025\u00a0y concluye el\u00a015 de julio de 2026. El calendario aplica para escuelas p\u00fablicas &hellip;<\/p>\n","protected":false},"author":2,"featured_media":3950,"comment_status":"open","ping_status":"closed","sticky":false,"template":"","format":"standard","meta":{"footnotes":""},"categories":[28],"tags":[],"class_list":["post-3949","post","type-post","status-publish","format-standard","has-post-thumbnail","hentry","category-nacionales"],"_links":{"self":[{"href":"https:\/\/lavozdedelicias.com\/index.php\/wp-json\/wp\/v2\/posts\/3949","targetHints":{"allow":["GET"]}}],"collection":[{"href":"https:\/\/lavozdedelicias.com\/index.php\/wp-json\/wp\/v2\/posts"}],"about":[{"href":"https:\/\/lavozdedelicias.com\/index.php\/wp-json\/wp\/v2\/types\/post"}],"author":[{"embeddable":true,"href":"https:\/\/lavozdedelicias.com\/index.php\/wp-json\/wp\/v2\/users\/2"}],"replies":[{"embeddable":true,"href":"https:\/\/lavozdedelicias.com\/index.php\/wp-json\/wp\/v2\/comments?post=3949"}],"version-history":[{"count":1,"href":"https:\/\/lavozdedelicias.com\/index.php\/wp-json\/wp\/v2\/posts\/3949\/revisions"}],"predecessor-version":[{"id":3951,"href":"https:\/\/lavozdedelicias.com\/index.php\/wp-json\/wp\/v2\/posts\/3949\/revisions\/3951"}],"wp:featuredmedia":[{"embeddable":true,"href":"https:\/\/lavozdedelicias.com\/index.php\/wp-json\/wp\/v2\/media\/3950"}],"wp:attachment":[{"href":"https:\/\/lavozdedelicias.com\/index.php\/wp-json\/wp\/v2\/media?parent=3949"}],"wp:term":[{"taxonomy":"category","embeddable":true,"href":"https:\/\/lavozdedelicias.com\/index.php\/wp-json\/wp\/v2\/categories?post=3949"},{"taxonomy":"post_tag","embeddable":true,"href":"https:\/\/lavozdedelicias.com\/index.php\/wp-json\/wp\/v2\/tags?post=3949"}],"curies":[{"name":"wp","href":"https:\/\/api.w.org\/{rel}","templated":true}]}}