{"id":3940,"date":"2025-06-10T03:05:07","date_gmt":"2025-06-10T03:05:07","guid":{"rendered":"https:\/\/lavozdedelicias.com\/?p=3940"},"modified":"2025-06-10T03:05:07","modified_gmt":"2025-06-10T03:05:07","slug":"comparten-video-de-miguel-uribe-en-el-hospital-tras-disparos-en-la-cabeza","status":"publish","type":"post","link":"https:\/\/lavozdedelicias.com\/index.php\/2025\/06\/10\/comparten-video-de-miguel-uribe-en-el-hospital-tras-disparos-en-la-cabeza\/","title":{"rendered":"Comparten video de Miguel Uribe en el hospital tras disparos en la cabeza"},"content":{"rendered":"<p>En medio de\u00a0aplausos, oraciones y llanto,\u00a0fue como\u00a0Miguel Uribe, aspirante a la\u00a0presidencia de Colombia\u00a0que sufri\u00f3 un atentado el fin de semana, sali\u00f3 de la sala de operaciones en el hospital en donde es reportado en estado cr\u00edtico.<\/p>\n<p>A trav\u00e9s de\u00a0redes sociales\u00a0se compartieron las im\u00e1genes en donde se aprecia al pol\u00edtico, que recibi\u00f3 disparos en la\u00a0cabeza, sobre una cama de hospital mientras es trasladado por personal m\u00e9dico. Adem\u00e1s, se alcanza a apreciar lo que parece ser un\u00a0respirador.<\/p>\n<h2 id=\"h-que-se-sabe-del-estado-de-salud-de-miguel-uribe\" class=\"wp-block-heading\">\u00bfQu\u00e9 se sabe del estado de salud de Miguel Uribe?<\/h2>\n<div class=\"code-block code-block-1\"><\/div>\n<p>La cl\u00ednica\u00a0Fundaci\u00f3n Santa Fe\u00a0inform\u00f3 el lunes que \u201cha tenido una escasa respuesta a las intervenciones y los manejos m\u00e9dicos realizados\u201d.<\/p>\n<div class=\"code-block code-block-2\">\n<div class=\"truvidPos\"><em>\u201cSu situaci\u00f3n reviste de la m\u00e1xima gravedad. Por lo tanto, el pron\u00f3stico contin\u00faa siendo de car\u00e1cter reservado\u201d, <\/em><em>agreg\u00f3 la cl\u00ednica en el comunicado.\u00a0<\/em><\/div>\n<\/div>\n<div class=\"code-block code-block-8\">\n<div class=\"code-block\">El pol\u00edtico colombiano lleg\u00f3 a una cl\u00ednica y en la madrugada\u00a0del domingo sali\u00f3 del\u00a0quir\u00f3fano. El\u00a0alcalde\u00a0de la capital, Carlos Gal\u00e1n, asegur\u00f3 que atraviesa\u00a0\u201choras cr\u00edticas\u201d\u00a0de recuperaci\u00f3n para garantizar su supervivencia.<\/div>\n<\/div>\n<div class=\"code-block code-block-18\"><\/div>\n<p>Tras el atentado del senador de\u00a039 a\u00f1os,\u00a0decenas de simpatizantes se dieron cita frente a la\u00a0cl\u00ednica\u00a0en\u00a0Bogot\u00e1, desde donde coreaban\u00a0\u201cFuerza, Miguel\u201d\u00a0y\u00a0\u201cMiguel, amigo, Colombia est\u00e1 contigo\u201d.<\/p>\n<h2 id=\"h-que-se-sabe-del-atentado-a-miguel-uribe\" class=\"wp-block-heading\">\u00bfQu\u00e9 se sabe del atentado a Miguel Uribe?<\/h2>\n<p>Un presunto sicario menor de\u00a0edad detenido, una persecuci\u00f3n de escoltas y videos que muestran a un aspirante a la presidencia baleado: el intento de asesinato del senador\u00a0Miguel\u00a0Uribe\u00a0que sacude a\u00a0Colombia\u00a0abre muchos\u00a0interrogantes.<\/p>\n<p>La ma\u00f1ana del 7 de junio,\u00a0Uribe\u00a0y su equipo de campa\u00f1a visitaron a comerciantes en\u00a0Fontib\u00f3n, un\u00a0sector popular\u00a0del oeste de la\u00a0capital colombiana, donde estaba previsto que la jornada terminara con un discurso del dirigente en un parque, cont\u00f3 el concejal de\u00a0Bogot\u00e1 Andr\u00e9s Barrios al diario<em>\u00a0El Tiempo.\u00a0<\/em><\/p>\n<p><img loading=\"lazy\" decoding=\"async\" class=\"alignnone size-medium wp-image-3941\" src=\"https:\/\/lavozdedelicias.com\/wp-content\/uploads\/2025\/06\/afp-miguel-uribe-152848-1024x576-1-300x169.jpg\" alt=\"\" width=\"300\" height=\"169\" srcset=\"https:\/\/lavozdedelicias.com\/wp-content\/uploads\/2025\/06\/afp-miguel-uribe-152848-1024x576-1-300x169.jpg 300w, https:\/\/lavozdedelicias.com\/wp-content\/uploads\/2025\/06\/afp-miguel-uribe-152848-1024x576-1-768x432.jpg 768w, https:\/\/lavozdedelicias.com\/wp-content\/uploads\/2025\/06\/afp-miguel-uribe-152848-1024x576-1-390x220.jpg 390w, https:\/\/lavozdedelicias.com\/wp-content\/uploads\/2025\/06\/afp-miguel-uribe-152848-1024x576-1.jpg 1024w\" sizes=\"auto, (max-width: 300px) 100vw, 300px\" \/><\/p>\n","protected":false},"excerpt":{"rendered":"<p>En medio de\u00a0aplausos, oraciones y llanto,\u00a0fue como\u00a0Miguel Uribe, aspirante a la\u00a0presidencia de Colombia\u00a0que sufri\u00f3 un atentado el fin de semana, sali\u00f3 de la sala de operaciones en el hospital en donde es reportado en estado cr\u00edtico. A trav\u00e9s de\u00a0redes sociales\u00a0se compartieron las im\u00e1genes en donde se aprecia al pol\u00edtico, que recibi\u00f3 disparos en la\u00a0cabeza, sobre &hellip;<\/p>\n","protected":false},"author":2,"featured_media":3941,"comment_status":"open","ping_status":"closed","sticky":false,"template":"","format":"standard","meta":{"footnotes":""},"categories":[29],"tags":[],"class_list":["post-3940","post","type-post","status-publish","format-standard","has-post-thumbnail","hentry","category-internacional"],"_links":{"self":[{"href":"https:\/\/lavozdedelicias.com\/index.php\/wp-json\/wp\/v2\/posts\/3940","targetHints":{"allow":["GET"]}}],"collection":[{"href":"https:\/\/lavozdedelicias.com\/index.php\/wp-json\/wp\/v2\/posts"}],"about":[{"href":"https:\/\/lavozdedelicias.com\/index.php\/wp-json\/wp\/v2\/types\/post"}],"author":[{"embeddable":true,"href":"https:\/\/lavozdedelicias.com\/index.php\/wp-json\/wp\/v2\/users\/2"}],"replies":[{"embeddable":true,"href":"https:\/\/lavozdedelicias.com\/index.php\/wp-json\/wp\/v2\/comments?post=3940"}],"version-history":[{"count":1,"href":"https:\/\/lavozdedelicias.com\/index.php\/wp-json\/wp\/v2\/posts\/3940\/revisions"}],"predecessor-version":[{"id":3942,"href":"https:\/\/lavozdedelicias.com\/index.php\/wp-json\/wp\/v2\/posts\/3940\/revisions\/3942"}],"wp:featuredmedia":[{"embeddable":true,"href":"https:\/\/lavozdedelicias.com\/index.php\/wp-json\/wp\/v2\/media\/3941"}],"wp:attachment":[{"href":"https:\/\/lavozdedelicias.com\/index.php\/wp-json\/wp\/v2\/media?parent=3940"}],"wp:term":[{"taxonomy":"category","embeddable":true,"href":"https:\/\/lavozdedelicias.com\/index.php\/wp-json\/wp\/v2\/categories?post=3940"},{"taxonomy":"post_tag","embeddable":true,"href":"https:\/\/lavozdedelicias.com\/index.php\/wp-json\/wp\/v2\/tags?post=3940"}],"curies":[{"name":"wp","href":"https:\/\/api.w.org\/{rel}","templated":true}]}}