{"id":3937,"date":"2025-06-10T03:01:12","date_gmt":"2025-06-10T03:01:12","guid":{"rendered":"https:\/\/lavozdedelicias.com\/?p=3937"},"modified":"2025-06-10T03:01:12","modified_gmt":"2025-06-10T03:01:12","slug":"california-demanda-a-trump-tras-envio-ilegal-de-militares-a-los-angeles","status":"publish","type":"post","link":"https:\/\/lavozdedelicias.com\/index.php\/2025\/06\/10\/california-demanda-a-trump-tras-envio-ilegal-de-militares-a-los-angeles\/","title":{"rendered":"California demanda a Trump tras env\u00edo \u201cilegal\u201d de militares a Los \u00c1ngeles"},"content":{"rendered":"<p>Despu\u00e9s del despliegue de elementos de la\u00a0Guardia Nacional de Estados Unidos\u00a0en\u00a0Los \u00c1ngeles, California, tras las protestas contra las redadas migrantes, se planea una denuncia contra el presidente\u00a0Donald Trump\u00a0por la\u00a0medida.<\/p>\n<p>El\u00a0fiscal general de California,\u00a0Rob Bonta, anunci\u00f3 este lunes una demanda contra el presidente\u00a0Donald Trump\u00a0y el secretario de Defensa,\u00a0Pete Hegseth, por el despliegue \u201cilegal\u201d de cientos de\u00a0efectivos de la Guardia Nacional\u00a0en la zona metropolitana de\u00a0Los \u00c1ngeles.<\/p>\n<h2 id=\"h-por-que-es-ilegal-el-despliegue-segun-california\" class=\"wp-block-heading\">\u00bfPor qu\u00e9 es ilegal el despliegue, seg\u00fan California?<\/h2>\n<p>De acuerdo con el fiscal Bonta, la federalizaci\u00f3n de las tropas viola la\u00a0D\u00e9cima Enmienda de la Constituci\u00f3n, que delimita las competencias del Gobierno federal sobre las autoridades estatales. Adem\u00e1s, denunci\u00f3 que la medida se tom\u00f3 sin el consentimiento del\u00a0gobernador Gavin Newsom, a pesar de que las protestas en la ciudad \u201cya estaban disip\u00e1ndose\u201d cuando llegaron los militares.<\/p>\n<p>El\u00a0fiscal\u00a0afirm\u00f3 que esta\u00a0movilizaci\u00f3n\u00a0fue\u00a0\u201cinnecesaria, contraproducente e ilegal\u201d, y asegur\u00f3 que representa un\u00a0abuso\u00a0de autoridad de la\u00a0administraci\u00f3n Trump. Subray\u00f3 que existen precedentes claros que proh\u00edben este tipo de acciones sin autorizaci\u00f3n estatal.<\/p>\n<p><img loading=\"lazy\" decoding=\"async\" class=\"alignnone size-medium wp-image-3938\" src=\"https:\/\/lavozdedelicias.com\/wp-content\/uploads\/2025\/06\/reuters-trump-guardia-nacional-174806-1024x576-1-300x169.jpg\" alt=\"\" width=\"300\" height=\"169\" srcset=\"https:\/\/lavozdedelicias.com\/wp-content\/uploads\/2025\/06\/reuters-trump-guardia-nacional-174806-1024x576-1-300x169.jpg 300w, https:\/\/lavozdedelicias.com\/wp-content\/uploads\/2025\/06\/reuters-trump-guardia-nacional-174806-1024x576-1-768x432.jpg 768w, https:\/\/lavozdedelicias.com\/wp-content\/uploads\/2025\/06\/reuters-trump-guardia-nacional-174806-1024x576-1-390x220.jpg 390w, https:\/\/lavozdedelicias.com\/wp-content\/uploads\/2025\/06\/reuters-trump-guardia-nacional-174806-1024x576-1.jpg 1024w\" sizes=\"auto, (max-width: 300px) 100vw, 300px\" \/><\/p>\n","protected":false},"excerpt":{"rendered":"<p>Despu\u00e9s del despliegue de elementos de la\u00a0Guardia Nacional de Estados Unidos\u00a0en\u00a0Los \u00c1ngeles, California, tras las protestas contra las redadas migrantes, se planea una denuncia contra el presidente\u00a0Donald Trump\u00a0por la\u00a0medida. El\u00a0fiscal general de California,\u00a0Rob Bonta, anunci\u00f3 este lunes una demanda contra el presidente\u00a0Donald Trump\u00a0y el secretario de Defensa,\u00a0Pete Hegseth, por el despliegue \u201cilegal\u201d de cientos de\u00a0efectivos &hellip;<\/p>\n","protected":false},"author":2,"featured_media":3938,"comment_status":"open","ping_status":"closed","sticky":false,"template":"","format":"standard","meta":{"footnotes":""},"categories":[29],"tags":[],"class_list":["post-3937","post","type-post","status-publish","format-standard","has-post-thumbnail","hentry","category-internacional"],"_links":{"self":[{"href":"https:\/\/lavozdedelicias.com\/index.php\/wp-json\/wp\/v2\/posts\/3937","targetHints":{"allow":["GET"]}}],"collection":[{"href":"https:\/\/lavozdedelicias.com\/index.php\/wp-json\/wp\/v2\/posts"}],"about":[{"href":"https:\/\/lavozdedelicias.com\/index.php\/wp-json\/wp\/v2\/types\/post"}],"author":[{"embeddable":true,"href":"https:\/\/lavozdedelicias.com\/index.php\/wp-json\/wp\/v2\/users\/2"}],"replies":[{"embeddable":true,"href":"https:\/\/lavozdedelicias.com\/index.php\/wp-json\/wp\/v2\/comments?post=3937"}],"version-history":[{"count":1,"href":"https:\/\/lavozdedelicias.com\/index.php\/wp-json\/wp\/v2\/posts\/3937\/revisions"}],"predecessor-version":[{"id":3939,"href":"https:\/\/lavozdedelicias.com\/index.php\/wp-json\/wp\/v2\/posts\/3937\/revisions\/3939"}],"wp:featuredmedia":[{"embeddable":true,"href":"https:\/\/lavozdedelicias.com\/index.php\/wp-json\/wp\/v2\/media\/3938"}],"wp:attachment":[{"href":"https:\/\/lavozdedelicias.com\/index.php\/wp-json\/wp\/v2\/media?parent=3937"}],"wp:term":[{"taxonomy":"category","embeddable":true,"href":"https:\/\/lavozdedelicias.com\/index.php\/wp-json\/wp\/v2\/categories?post=3937"},{"taxonomy":"post_tag","embeddable":true,"href":"https:\/\/lavozdedelicias.com\/index.php\/wp-json\/wp\/v2\/tags?post=3937"}],"curies":[{"name":"wp","href":"https:\/\/api.w.org\/{rel}","templated":true}]}}